{"id":59487,"date":"2024-07-01T16:43:01","date_gmt":"2024-07-01T19:43:01","guid":{"rendered":"https:\/\/www.paranapraia.com.br\/?p=59487"},"modified":"2024-07-01T16:43:04","modified_gmt":"2024-07-01T19:43:04","slug":"apos-recorde-de-frio-temperatura-sobe-e-parana-volta-a-ter-veranicos-de-inverno","status":"publish","type":"post","link":"https:\/\/www.paranapraia.com.br\/index.php\/2024\/07\/01\/apos-recorde-de-frio-temperatura-sobe-e-parana-volta-a-ter-veranicos-de-inverno\/","title":{"rendered":"Ap\u00f3s recorde de frio, temperatura sobe e Paran\u00e1 volta a ter veranicos de inverno"},"content":{"rendered":"\n<p>O frio castigou o paranaense no fim de semana. Dados consolidados nesta segunda-feira (1\u00ba) pelo Sistema de Tecnologia e Monitoramento Ambiental do Paran\u00e1 (Simepar) revelam que em 91% dos munic\u00edpios do Estado com algum tipo de medi\u00e7\u00e3o feita pelo \u00f3rg\u00e3o apresentaram a temperatura mais baixa do ano. Das 57 cidades monitoradas, apenas Londrina, Apucarana, Corn\u00e9lio Proc\u00f3pio, Cambar\u00e1 e Santo Ant\u00f4nio da Platina, localizadas entre o Norte e o Norte Pioneiro, n\u00e3o quebraram o recorde de 2024.<\/p>\n\n\n\n<p>No domingo (30), o frio mais intenso foi registrado em General Carneiro, na regi\u00e3o Sul, com -3,5\u00baC. Tamb\u00e9m apresentaram marcas negativas Palmas (-3,3\u00baC), S\u00e3o Mateus do Sul (-2,1\u00baC), In\u00e1cio Martins (-2,0\u00baC), Guarapuava (-1,5\u00baC), Lapa (-1,0\u00baC), Pinh\u00e3o (-0,7\u00baC) e Fazenda Rio Grande (-0,6\u00baC). J\u00e1&nbsp; Uni\u00e3o da Vit\u00f3ria (0,1\u00baC), Colombo (0,5\u00baC), Pato Branco (0,5\u00baC), Pinhais (0,6\u00baC), Francisco Beltr\u00e3o (0,7\u00baC) e Irati (0,9\u00baC) ficaram no limite do zero grau. Curitiba ficou nos 2,0\u00baC.<\/p>\n\n\n\n<p>\u201cOs baixos valores s\u00e3o resultado de uma forte massa de ar polar, que provocou queda de temperatura brusca em todo o Paran\u00e1, com quebra de recordes para o ano. Exce\u00e7\u00e3o ao Norte, Norte Pioneiro, os munic\u00edpios das demais regi\u00f5es apresentaram a menor temperatura at\u00e9 o momento em 2024\u201d, afirma o meteorologista Reinaldo Kneib.\u00a0O Simepar \u00e9 vinculado \u00e0 Secretaria de Estado do Desenvolvimento Sustent\u00e1vel (Sedest).<\/p>\n\n\n\n<p><strong>PREVIS\u00c3O&nbsp;<\/strong>\u2013 O frio, por\u00e9m, come\u00e7a a deixar o Paran\u00e1 e, aos poucos, a temperatura vai subindo ao longo desta semana. Cidades tradicionalmente frias no inverno, Curitiba e Guarapuava apresentar\u00e3o m\u00e1xima de 24\u00baC e 23\u00baC, respectivamente. J\u00e1 Jacarezinho e Maring\u00e1 encostar\u00e3o nos 30\u00baC.&nbsp;\u201cA massa de ar frio perde for\u00e7a, sem a previs\u00e3o de geadas, com exce\u00e7\u00e3o do extremo Sul do Paran\u00e1. A temperatura fica mais agrad\u00e1vel e mais para o fim da semana, h\u00e1 previs\u00e3o de chuva\u201d, diz Kneib.<\/p>\n\n\n\n<p><strong>Confira as\u00a0\u00a0<a href=\"https:\/\/www.aen.pr.gov.br\/sites\/default\/arquivos_restritos\/files\/documento\/2024-07\/0107frio.pdf\" target=\"_blank\" rel=\"noreferrer noopener\">temperaturas m\u00ednimas<\/a>\u00a0no domingo (03.06).<\/strong><\/p>\n\n\n\n<p>AEN<\/p>\n","protected":false},"excerpt":{"rendered":"<p>O frio castigou o paranaense no fim de semana. Dados consolidados nesta segunda-feira (1\u00ba) pelo Sistema de Tecnologia e Monitoramento Ambiental do Paran\u00e1 (Simepar) revelam que em 91% dos munic\u00edpios do Estado com algum tipo de medi\u00e7\u00e3o feita pelo \u00f3rg\u00e3o apresentaram a temperatura mais baixa do ano. Das 57 cidades monitoradas, apenas Londrina, Apucarana, Corn\u00e9lio [&hellip;]<\/p>\n","protected":false},"author":2,"featured_media":59488,"comment_status":"open","ping_status":"open","sticky":false,"template":"","format":"standard","meta":{"advanced_seo_description":"","jetpack_seo_html_title":"","jetpack_seo_noindex":false,"_jetpack_memberships_contains_paid_content":false,"footnotes":""},"categories":[40],"tags":[],"class_list":{"0":"post-59487","1":"post","2":"type-post","3":"status-publish","4":"format-standard","5":"has-post-thumbnail","7":"category-destaques"},"jetpack_featured_media_url":"https:\/\/www.paranapraia.com.br\/wp-content\/uploads\/2024\/07\/1000726320_edited-scaled.jpg","jetpack_sharing_enabled":true,"_links":{"self":[{"href":"https:\/\/www.paranapraia.com.br\/index.php\/wp-json\/wp\/v2\/posts\/59487"}],"collection":[{"href":"https:\/\/www.paranapraia.com.br\/index.php\/wp-json\/wp\/v2\/posts"}],"about":[{"href":"https:\/\/www.paranapraia.com.br\/index.php\/wp-json\/wp\/v2\/types\/post"}],"author":[{"embeddable":true,"href":"https:\/\/www.paranapraia.com.br\/index.php\/wp-json\/wp\/v2\/users\/2"}],"replies":[{"embeddable":true,"href":"https:\/\/www.paranapraia.com.br\/index.php\/wp-json\/wp\/v2\/comments?post=59487"}],"version-history":[{"count":1,"href":"https:\/\/www.paranapraia.com.br\/index.php\/wp-json\/wp\/v2\/posts\/59487\/revisions"}],"predecessor-version":[{"id":59489,"href":"https:\/\/www.paranapraia.com.br\/index.php\/wp-json\/wp\/v2\/posts\/59487\/revisions\/59489"}],"wp:featuredmedia":[{"embeddable":true,"href":"https:\/\/www.paranapraia.com.br\/index.php\/wp-json\/wp\/v2\/media\/59488"}],"wp:attachment":[{"href":"https:\/\/www.paranapraia.com.br\/index.php\/wp-json\/wp\/v2\/media?parent=59487"}],"wp:term":[{"taxonomy":"category","embeddable":true,"href":"https:\/\/www.paranapraia.com.br\/index.php\/wp-json\/wp\/v2\/categories?post=59487"},{"taxonomy":"post_tag","embeddable":true,"href":"https:\/\/www.paranapraia.com.br\/index.php\/wp-json\/wp\/v2\/tags?post=59487"}],"curies":[{"name":"wp","href":"https:\/\/api.w.org\/{rel}","templated":true}]}}