{"id":59483,"date":"2024-07-01T16:34:14","date_gmt":"2024-07-01T19:34:14","guid":{"rendered":"https:\/\/www.paranapraia.com.br\/?p=59483"},"modified":"2024-07-01T16:34:16","modified_gmt":"2024-07-01T19:34:16","slug":"blindada-das-aguas-lancha-resistente-a-fuzil-e-de-visao-termal-reforca-seguranca-no-mar","status":"publish","type":"post","link":"https:\/\/www.paranapraia.com.br\/index.php\/2024\/07\/01\/blindada-das-aguas-lancha-resistente-a-fuzil-e-de-visao-termal-reforca-seguranca-no-mar\/","title":{"rendered":"Blindada das \u00e1guas: lancha resistente a fuzil e de vis\u00e3o termal refor\u00e7a seguran\u00e7a no mar"},"content":{"rendered":"\n<p>A Patrulha Costeira da Pol\u00edcia Militar do Paran\u00e1 (PMPR) recebeu um refor\u00e7o de peso no in\u00edcio de junho. Fruto de um investimento de mais de R$ 2,2 milh\u00f5es, o Litoral agora conta com o barco Aruan\u00e3 29-CM-P, uma embarca\u00e7\u00e3o militar blindada de \u00faltima gera\u00e7\u00e3o projetada especificamente para o combate \u00e0 criminalidade. Entre as principais novidades da embarca\u00e7\u00e3o est\u00e3o o casco blindado, que \u00e9 resistente a tiros de fuzil, e o sistema de vis\u00e3o termal, que usa o calor ambiente para identificar pessoas e outros barcos.\u00a0<\/p>\n\n\n\n<figure class=\"wp-block-gallery has-nested-images columns-default is-cropped wp-block-gallery-1 is-layout-flex wp-block-gallery-is-layout-flex\">\n<figure class=\"wp-block-image size-large\"><img loading=\"lazy\" decoding=\"async\" width=\"720\" height=\"480\" data-id=\"59485\" src=\"https:\/\/www.paranapraia.com.br\/wp-content\/uploads\/2024\/07\/1000025063.webp\" alt=\"\" class=\"wp-image-59485\" srcset=\"https:\/\/www.paranapraia.com.br\/wp-content\/uploads\/2024\/07\/1000025063.webp 720w, https:\/\/www.paranapraia.com.br\/wp-content\/uploads\/2024\/07\/1000025063-300x200.webp 300w, https:\/\/www.paranapraia.com.br\/wp-content\/uploads\/2024\/07\/1000025063-696x464.webp 696w\" sizes=\"(max-width: 720px) 100vw, 720px\" \/><\/figure>\n<\/figure>\n\n\n\n<p>\u201c\u00c9 uma embarca\u00e7\u00e3o muito diferente em rela\u00e7\u00e3o \u00e0s outras que n\u00f3s j\u00e1 temos pela estrutura dela. \u00c9 um barco maior, mais potente, com o casco todo blindado, com v\u00e1rios sistemas diferentes de imagem e localiza\u00e7\u00e3o que ajudam no trabalho policial\u201d, afirmou o comandante da Patrulha Costeira do 9\u00ba Batalh\u00e3o da PMPR, o tenente Vin\u00edcius Szlanda.&nbsp;<\/p>\n\n\n\n<p>O barco passa a integrar a estrutura do pelot\u00e3o policial que \u00e9 respons\u00e1vel pela seguran\u00e7a das 39 comunidades ilhadas e ribeirinhas do Litoral do Paran\u00e1, onde moram mais de 10 mil pessoas. Al\u00e9m disso, ele vai ajudar nas a\u00e7\u00f5es de combate ao tr\u00e1fico internacional de drogas na regi\u00e3o.\u00a0<\/p>\n\n\n\n<p><strong>TECNOLOGIA&nbsp;<\/strong>\u2013 Por atuar em comunidades cujo acesso s\u00f3 \u00e9 poss\u00edvel pela \u00e1gua, uma embarca\u00e7\u00e3o moderna como a Aruan\u00e3 29-CM-P ajuda as equipes a se deslocarem com mais agilidade e a atenderem melhor \u00e0 popula\u00e7\u00e3o. As tecnologias do barco tamb\u00e9m permitem um trabalho mais eficiente no combate \u00e0 criminalidade, especialmente nas rondas ostensivas da patrulha.&nbsp;<\/p>\n\n\n\n<p>A blindagem do casco \u00e9 uma das mais eficientes que existem, resistindo a tiros de muni\u00e7\u00e3o supers\u00f4nica, que s\u00e3o tiros de fuzil e de calibre 7,62 mil\u00edmetros, por exemplo.&nbsp;&nbsp;<\/p>\n\n\n\n<p>A embarca\u00e7\u00e3o tamb\u00e9m opera com um sistema de navega\u00e7\u00e3o que, al\u00e9m de contar com GPS e sonar, tamb\u00e9m tem um radar, que permite o deslocamento do barco por instrumentos, e um transponder. \u201cIsso permite que a gente consiga identificar com facilidade as embarca\u00e7\u00f5es que est\u00e3o no nosso entorno\u201d, explicou o comandante da patrulha.&nbsp;<\/p>\n\n\n\n<p>O sistema conta ainda com v\u00e1rias c\u00e2meras integradas, que mostram no painel de controle imagens de alta defini\u00e7\u00e3o e imagens termais. Com as c\u00e2meras termogr\u00e1ficas, a imagem mostra os objetos a partir das diferen\u00e7as de calor entre eles e o ambiente, sem depender das condi\u00e7\u00f5es de luminosidade do local. Assim, ela consegue identificar uma pessoa ou uma outra embarca\u00e7\u00e3o mesmo com baixa visibilidade, como em uma persegui\u00e7\u00e3o noturna, ou em meio \u00e0 fuma\u00e7a ou n\u00e9voa.\u00a0\u00a0<\/p>\n\n\n\n<p><strong>ROBUSTEZ&nbsp;<\/strong>\u2013 A nova embarca\u00e7\u00e3o tem 29 p\u00e9s de comprimento, o que equivale a quase 9 metros, e pesa aproximadamente 4,9 toneladas. Com este tamanho, pode transportar oito tripulantes, com uma autonomia de cerca de sete horas.&nbsp;<\/p>\n\n\n\n<p>Outra novidade \u00e9 a pot\u00eancia do barco, que \u00e9 movido por dois motores de popa de 300 HP. \u201cS\u00e3o quase 600 cavalos de pot\u00eancia. Ela \u00e9 bem mais potente do que as nossas outras embarca\u00e7\u00f5es, que t\u00eam dois motores de 150 cavalos\u201d, explica o comandante.&nbsp;<\/p>\n\n\n\n<p>Por ter dois propulsores, a embarca\u00e7\u00e3o tem mais seguran\u00e7a nas opera\u00e7\u00f5es e pode ir mais longe da costa, em um resgate ou em uma persegui\u00e7\u00e3o, por exemplo. O motor de popa tamb\u00e9m d\u00e1 mais mobilidade ao barco, facilitando o acesso \u00e0s praias e comunidades ilhadas.\u00a0<\/p>\n\n\n\n<p><strong>COSTA PARANAENSE&nbsp;<\/strong>\u2013 O Paran\u00e1 tem mais de 100 quil\u00f4metros de extens\u00e3o de orla mar\u00edtima entre as divisas com S\u00e3o Paulo e Santa Catarina. S\u00e3o, ao todo, 125 praias e balne\u00e1rios, al\u00e9m de 57 ilhas.&nbsp;A Patrulha Costeira da Pol\u00edcia Militar do Paran\u00e1 foi criada em 2019 para atender esta regi\u00e3o. O pelot\u00e3o tem um treinamento especial para a\u00e7\u00f5es em \u00e1gua e em \u00e1reas fechadas de mata.&nbsp;&nbsp;<\/p>\n\n\n\n<p>Al\u00e9m das a\u00e7\u00f5es ostensivas na costa do Paran\u00e1, o grupo tamb\u00e9m atua em trabalhos preventivos nas comunidades e repressivos \u00e0s a\u00e7\u00f5es criminosas. A Patrulha Costeira ainda trabalha em apoio \u00e0 Pol\u00edcia Federal e \u00e0 Marinha do Brasil, principalmente, em a\u00e7\u00f5es de combate ao tr\u00e1fico de drogas no Porto de Paranagu\u00e1.&nbsp;<\/p>\n\n\n\n<p><strong>HELIC\u00d3PTEROS&nbsp;<\/strong>\u2013 A aquisi\u00e7\u00e3o da embarca\u00e7\u00e3o blindada para o Litoral do Paran\u00e1 faz parte de uma s\u00e9rie de investimentos que o Governo do Estado tem feito para equipar os batalh\u00f5es das for\u00e7as de seguran\u00e7a do Paran\u00e1.&nbsp;Em 2023, foram investidos R$ 16,5 milh\u00f5es em dois helic\u00f3pteros do Projeto Falc\u00e3o. As aeronaves s\u00e3o equipadas com v\u00e1rios sistemas de \u00faltima gera\u00e7\u00e3o que ajudam as for\u00e7as de seguran\u00e7a do Paran\u00e1 em resgates, persegui\u00e7\u00f5es e opera\u00e7\u00f5es policiais.&nbsp;<\/p>\n\n\n\n<p>Um deles \u00e9 o sistema MX-10, que fornece as imagens t\u00e9rmicas em alta resolu\u00e7\u00e3o e zoom \u00f3ptico, que permite identificar alvos a 15 quil\u00f4metros de dist\u00e2ncia, dependendo das condi\u00e7\u00f5es clim\u00e1ticas e do tamanho do objeto. Estes sensores s\u00e3o projetados especificamente para serem usados em avi\u00f5es, helic\u00f3pteros ou ve\u00edculos a\u00e9reos n\u00e3o tripulados (VANTs).&nbsp;<\/p>\n\n\n\n<p>Entre v\u00e1rias opera\u00e7\u00f5es realizadas pelas aeronaves, especialmente nas \u00e1reas de fronteira, o sistema infravermelho foi fundamental para&nbsp;<a href=\"https:\/\/www.aen.pr.gov.br\/Noticia\/Perseguicao-de-helicoptero-Falcao-da-PM-ajuda-PF-interceptar-aeronave-com-243-kg-de-cocaina\" target=\"_blank\" rel=\"noreferrer noopener\">interceptar um helic\u00f3ptero carregado com 243 kg de coca\u00edna<\/a>&nbsp;que voava fora do alcance de radares na regi\u00e3o Noroeste do Estado e para prender o piloto. Um dia antes, um dos helic\u00f3pteros do Projeto Falc\u00e3o usou a c\u00e2mera t\u00e9rmica para&nbsp;<a href=\"https:\/\/www.aen.pr.gov.br\/Noticia\/Sensor-de-helicoptero-da-PM-encontra-mulher-desaparecida-em-Guaira-veja-o-video\" target=\"_blank\" rel=\"noreferrer noopener\">encontrar uma mulher que estava desaparecida<\/a>&nbsp;em uma \u00e1rea de mata de dif\u00edcil visibilidade, em Gua\u00edra.&nbsp;<\/p>\n\n\n\n<p>As aeronaves tamb\u00e9m contam com \u00f3culos de vis\u00e3o noturna (OVN), alto-falante externo e farol de busca de alta performance, que ajudam na busca a alvos ou no apoio a equipes em terra em terrenos com baixa luminosidade e em \u00e1reas de dif\u00edcil visibilidade.\u00a0<\/p>\n\n\n\n<p>INVESTIMENTOS \u2013 No mesmo pacote de investimentos em que a embarca\u00e7\u00e3o foi entregue \u00e0 pol\u00edcia, o Corpo de Bombeiros e a Pol\u00edcia Militar receberam mais de R$ 30,5 milh\u00f5es em equipamentos, ve\u00edculos leves, caminh\u00f5es e ambul\u00e2ncias. O Governo do Estado ainda anunciou que, ao longo de 2024, vai investir mais R$ 117 milh\u00f5es em viaturas e outros ve\u00edculos para as pol\u00edcias e para os bombeiros &#8211; entre eles, as ambul\u00e2ncias mais modernas do Brasil para o Servi\u00e7o Integrado de Atendimento ao Trauma em Emerg\u00eancia (Siate).<\/p>\n\n\n\n<p>O aporte prev\u00ea tamb\u00e9m a compra de mais uma embarca\u00e7\u00e3o blindada para a pol\u00edcia. Na fronteira Oeste, o Estado inaugurou, em uma parceria com a Itaipu Binacional, a nova sede da 2\u00aa Companhia do Batalh\u00e3o de Pol\u00edcia de Fronteira (BPFron). No investimento de R$ 28,4 milh\u00f5es est\u00e3o inclusas duas embarca\u00e7\u00f5es semi-blindadas para atuar nas opera\u00e7\u00f5es especiais que acontecem nos rios da regi\u00e3o. <\/p>\n\n\n\n<p>AEN<\/p>\n","protected":false},"excerpt":{"rendered":"<p>A Patrulha Costeira da Pol\u00edcia Militar do Paran\u00e1 (PMPR) recebeu um refor\u00e7o de peso no in\u00edcio de junho. Fruto de um investimento de mais de R$ 2,2 milh\u00f5es, o Litoral agora conta com o barco Aruan\u00e3 29-CM-P, uma embarca\u00e7\u00e3o militar blindada de \u00faltima gera\u00e7\u00e3o projetada especificamente para o combate \u00e0 criminalidade. Entre as principais novidades [&hellip;]<\/p>\n","protected":false},"author":2,"featured_media":59484,"comment_status":"open","ping_status":"open","sticky":false,"template":"","format":"standard","meta":{"advanced_seo_description":"","jetpack_seo_html_title":"","jetpack_seo_noindex":false,"_jetpack_memberships_contains_paid_content":false,"footnotes":""},"categories":[40,33],"tags":[],"class_list":{"0":"post-59483","1":"post","2":"type-post","3":"status-publish","4":"format-standard","5":"has-post-thumbnail","7":"category-destaques","8":"category-policia"},"jetpack_featured_media_url":"https:\/\/www.paranapraia.com.br\/wp-content\/uploads\/2024\/07\/whatsapp_image_2024-06-11_at_16.58.45-scaled.jpg","jetpack_sharing_enabled":true,"_links":{"self":[{"href":"https:\/\/www.paranapraia.com.br\/index.php\/wp-json\/wp\/v2\/posts\/59483"}],"collection":[{"href":"https:\/\/www.paranapraia.com.br\/index.php\/wp-json\/wp\/v2\/posts"}],"about":[{"href":"https:\/\/www.paranapraia.com.br\/index.php\/wp-json\/wp\/v2\/types\/post"}],"author":[{"embeddable":true,"href":"https:\/\/www.paranapraia.com.br\/index.php\/wp-json\/wp\/v2\/users\/2"}],"replies":[{"embeddable":true,"href":"https:\/\/www.paranapraia.com.br\/index.php\/wp-json\/wp\/v2\/comments?post=59483"}],"version-history":[{"count":1,"href":"https:\/\/www.paranapraia.com.br\/index.php\/wp-json\/wp\/v2\/posts\/59483\/revisions"}],"predecessor-version":[{"id":59486,"href":"https:\/\/www.paranapraia.com.br\/index.php\/wp-json\/wp\/v2\/posts\/59483\/revisions\/59486"}],"wp:featuredmedia":[{"embeddable":true,"href":"https:\/\/www.paranapraia.com.br\/index.php\/wp-json\/wp\/v2\/media\/59484"}],"wp:attachment":[{"href":"https:\/\/www.paranapraia.com.br\/index.php\/wp-json\/wp\/v2\/media?parent=59483"}],"wp:term":[{"taxonomy":"category","embeddable":true,"href":"https:\/\/www.paranapraia.com.br\/index.php\/wp-json\/wp\/v2\/categories?post=59483"},{"taxonomy":"post_tag","embeddable":true,"href":"https:\/\/www.paranapraia.com.br\/index.php\/wp-json\/wp\/v2\/tags?post=59483"}],"curies":[{"name":"wp","href":"https:\/\/api.w.org\/{rel}","templated":true}]}}