{"id":59480,"date":"2024-07-01T09:56:03","date_gmt":"2024-07-01T12:56:03","guid":{"rendered":"https:\/\/www.paranapraia.com.br\/?p=59480"},"modified":"2024-07-01T09:56:05","modified_gmt":"2024-07-01T12:56:05","slug":"darci-piana-celebra-cultura-japonesa-na-festa-de-116-anos-da-imigracao","status":"publish","type":"post","link":"https:\/\/www.paranapraia.com.br\/index.php\/2024\/07\/01\/darci-piana-celebra-cultura-japonesa-na-festa-de-116-anos-da-imigracao\/","title":{"rendered":"Darci Piana celebra cultura japonesa na festa de 116 anos da imigra\u00e7\u00e3o"},"content":{"rendered":"\n<p>O governador em exerc\u00edcio Darci Piana esteve neste domingo (30) no 32\u00ba Festival do Imigrante Japon\u00eas, o Imin Matsuri, que celebra os 116 anos da imigra\u00e7\u00e3o japonesa ao Brasil. O evento, na Expo Barigui, em Curitiba, apresenta a rica cultura nipobrasileira, com gastronomia e artesanato t\u00edpicos, oficinas, com exposi\u00e7\u00f5es, apresenta\u00e7\u00f5es de taiko, karaok\u00ea, artes marciais e dan\u00e7as japonesas.<\/p>\n\n\n\n<p>O festival \u00e9 promovido pela Associa\u00e7\u00e3o Cultural e Beneficente Nipo Brasileira de Curitiba \u2014 Nikkei Curitiba e re\u00fane grande parte da comunidade japonesa da Capital. \u201cEu tenho uma amizade de d\u00e9cadas com muitos descendentes de japoneses e quero muito agradecer a esses imigrantes que, h\u00e1 116 anos, chegaram ao Brasil e, alguns anos depois, aportaram aqui no Paran\u00e1\u201d, disse.<\/p>\n\n\n\n<p>\u201cEm nome do povo do Paran\u00e1, quero agradecer por terem ajudado a crescer, evoluir e a ser um dos melhores estados desse Pa\u00eds para se viver\u201d, destacou o governador em exerc\u00edcio. \u201cE quero tamb\u00e9m parabenizar os descendentes de japoneses por manterem essa tradi\u00e7\u00e3o extraordin\u00e1ria com eventos como o Imin Matsuri\u201d.<\/p>\n\n\n\n<p>\u201cH\u00e1 116 anos, nossos ancestrais chegaram ao Brasil e, h\u00e1 32 anos, promovemos o Imin Matsuri para celebrar essa imigra\u00e7\u00e3o. Conseguimos reunir praticamente toda as comunidades nipobrasileiras que est\u00e3o ativas aqui em Curitiba para trabalhar e festejar juntos a nossa tradi\u00e7\u00e3o\u201d, explicou o presidente da Nikkei Curitiba, Everson Takayama.<\/p>\n\n\n\n<p>O c\u00f4nsul-geral do Jap\u00e3o em Curitiba, Yasuhiro Mitsui, destacou essa celebra\u00e7\u00e3o por uma das maiores comunidades japonesas do mundo. \u201cEm junho de 1908 o primeiro navio japon\u00eas chegou ao Porto de Santos e, cerca de dois anos depois, os imigrantes tamb\u00e9m passaram a se estabelecer no Paran\u00e1. Os pioneiros estabeleceram confian\u00e7a na sociedade brasileira e essa heran\u00e7a \u00e9 enorme para n\u00f3s. As comunidades continuam mantendo a cultura japonesa bem forte e isso atrai os povos de outros lugares para celebrar juntos\u201d, afirmou.<\/p>\n\n\n\n<p><strong>LA\u00c7OS DE AMIZADE<\/strong>&nbsp;\u2013 O Paran\u00e1 tem a segunda maior col\u00f4nia de descendentes de japoneses do Brasil, estimada em cerca de 200 mil pessoas, atr\u00e1s apenas de S\u00e3o Paulo. As primeiras col\u00f4nias japonesas come\u00e7aram a se estabelecer em Curitiba a partir de 1912 e no Norte e Noroeste do Estado a partir de 1914. J\u00e1 o Brasil concentra a maior comunidade de nikkeis do mundo, que s\u00e3o os descendentes nascidos fora do Jap\u00e3o, com cerca de 2 milh\u00f5es de pessoas.&nbsp;<\/p>\n\n\n\n<p>Desde 1970, o Estado mant\u00e9m tamb\u00e9m uma rela\u00e7\u00e3o de irmandade com a prov\u00edncia japonesa de Hyogo, que tamb\u00e9m se estende entre cidades dos dois estados. Curitiba \u00e9 cidade-irm\u00e3 de Himeji, Londrina de Nishinomiya, Maring\u00e1 de Kakogawa e Paranagu\u00e1 de Awaji. Al\u00e9m disso, Assis Chateaubriand \u00e9 cidade-irm\u00e3 de Ajigasawa, na prov\u00edncia de Aomori, e Londrina tamb\u00e9m mant\u00e9m la\u00e7o de irmandade com a cidade de Nago, de Okinawa.&nbsp;<\/p>\n\n\n\n<p>O deputado federal Lu\u00eds Nishimori tamb\u00e9m acompanhou a visita.<\/p>\n\n\n\n<p>AEN<\/p>\n","protected":false},"excerpt":{"rendered":"<p>O governador em exerc\u00edcio Darci Piana esteve neste domingo (30) no 32\u00ba Festival do Imigrante Japon\u00eas, o Imin Matsuri, que celebra os 116 anos da imigra\u00e7\u00e3o japonesa ao Brasil. O evento, na Expo Barigui, em Curitiba, apresenta a rica cultura nipobrasileira, com gastronomia e artesanato t\u00edpicos, oficinas, com exposi\u00e7\u00f5es, apresenta\u00e7\u00f5es de taiko, karaok\u00ea, artes marciais [&hellip;]<\/p>\n","protected":false},"author":2,"featured_media":59481,"comment_status":"open","ping_status":"open","sticky":false,"template":"","format":"standard","meta":{"advanced_seo_description":"","jetpack_seo_html_title":"","jetpack_seo_noindex":false,"_jetpack_memberships_contains_paid_content":false,"footnotes":""},"categories":[40],"tags":[],"class_list":{"0":"post-59480","1":"post","2":"type-post","3":"status-publish","4":"format-standard","5":"has-post-thumbnail","7":"category-destaques"},"jetpack_featured_media_url":"https:\/\/www.paranapraia.com.br\/wp-content\/uploads\/2024\/07\/imin_matsuri_foto_rdziura-8641-scaled.jpg","jetpack_sharing_enabled":true,"_links":{"self":[{"href":"https:\/\/www.paranapraia.com.br\/index.php\/wp-json\/wp\/v2\/posts\/59480"}],"collection":[{"href":"https:\/\/www.paranapraia.com.br\/index.php\/wp-json\/wp\/v2\/posts"}],"about":[{"href":"https:\/\/www.paranapraia.com.br\/index.php\/wp-json\/wp\/v2\/types\/post"}],"author":[{"embeddable":true,"href":"https:\/\/www.paranapraia.com.br\/index.php\/wp-json\/wp\/v2\/users\/2"}],"replies":[{"embeddable":true,"href":"https:\/\/www.paranapraia.com.br\/index.php\/wp-json\/wp\/v2\/comments?post=59480"}],"version-history":[{"count":1,"href":"https:\/\/www.paranapraia.com.br\/index.php\/wp-json\/wp\/v2\/posts\/59480\/revisions"}],"predecessor-version":[{"id":59482,"href":"https:\/\/www.paranapraia.com.br\/index.php\/wp-json\/wp\/v2\/posts\/59480\/revisions\/59482"}],"wp:featuredmedia":[{"embeddable":true,"href":"https:\/\/www.paranapraia.com.br\/index.php\/wp-json\/wp\/v2\/media\/59481"}],"wp:attachment":[{"href":"https:\/\/www.paranapraia.com.br\/index.php\/wp-json\/wp\/v2\/media?parent=59480"}],"wp:term":[{"taxonomy":"category","embeddable":true,"href":"https:\/\/www.paranapraia.com.br\/index.php\/wp-json\/wp\/v2\/categories?post=59480"},{"taxonomy":"post_tag","embeddable":true,"href":"https:\/\/www.paranapraia.com.br\/index.php\/wp-json\/wp\/v2\/tags?post=59480"}],"curies":[{"name":"wp","href":"https:\/\/api.w.org\/{rel}","templated":true}]}}