{"id":59467,"date":"2024-06-30T10:56:39","date_gmt":"2024-06-30T13:56:39","guid":{"rendered":"https:\/\/www.paranapraia.com.br\/?p=59467"},"modified":"2024-06-30T10:56:41","modified_gmt":"2024-06-30T13:56:41","slug":"ampliada-escola-benvinda-em-pontal-do-sul-ganha-sala-para-tea-e-meliponario-de-abelhas-sem-ferrao","status":"publish","type":"post","link":"https:\/\/www.paranapraia.com.br\/index.php\/2024\/06\/30\/ampliada-escola-benvinda-em-pontal-do-sul-ganha-sala-para-tea-e-meliponario-de-abelhas-sem-ferrao\/","title":{"rendered":"Ampliada Escola Benvinda em Pontal do Sul ganha sala para TEA e melipon\u00e1rio de abelhas sem ferr\u00e3o"},"content":{"rendered":"\n<p>As obras de amplia\u00e7\u00e3o da Escola Municipal Benvinda de Miranda Lopes Correa, em Pontal do Sul, foram entregues \u00e0 popula\u00e7\u00e3o pontalense oficialmente nesta quinta (27) pelo prefeito Rud\u00e3o Gimenes numa solenidade que contou tamb\u00e9m com as presen\u00e7as da vice-prefeita Patr\u00edcia Millo Marcomini, da secret\u00e1ria municipal de Educa\u00e7\u00e3o Renata Marinho, vereadores e da comunidade escolar.<\/p>\n\n\n\n<figure class=\"wp-block-gallery has-nested-images columns-1 is-cropped wp-block-gallery-1 is-layout-flex wp-block-gallery-is-layout-flex\">\n<figure class=\"wp-block-image size-large\"><img loading=\"lazy\" decoding=\"async\" width=\"1024\" height=\"785\" data-id=\"59470\" src=\"https:\/\/www.paranapraia.com.br\/wp-content\/uploads\/2024\/06\/1000023573-1024x785.jpg\" alt=\"\" class=\"wp-image-59470\" srcset=\"https:\/\/www.paranapraia.com.br\/wp-content\/uploads\/2024\/06\/1000023573-1024x785.jpg 1024w, https:\/\/www.paranapraia.com.br\/wp-content\/uploads\/2024\/06\/1000023573-300x230.jpg 300w, https:\/\/www.paranapraia.com.br\/wp-content\/uploads\/2024\/06\/1000023573-768x588.jpg 768w, https:\/\/www.paranapraia.com.br\/wp-content\/uploads\/2024\/06\/1000023573-696x533.jpg 696w, https:\/\/www.paranapraia.com.br\/wp-content\/uploads\/2024\/06\/1000023573-1068x818.jpg 1068w, https:\/\/www.paranapraia.com.br\/wp-content\/uploads\/2024\/06\/1000023573-scaled.jpg 800w\" sizes=\"(max-width: 1024px) 100vw, 1024px\" \/><\/figure>\n\n\n\n<figure class=\"wp-block-image size-large\"><img loading=\"lazy\" decoding=\"async\" width=\"800\" height=\"450\" data-id=\"59469\" src=\"https:\/\/www.paranapraia.com.br\/wp-content\/uploads\/2024\/06\/1000023572.jpg\" alt=\"\" class=\"wp-image-59469\" srcset=\"https:\/\/www.paranapraia.com.br\/wp-content\/uploads\/2024\/06\/1000023572.jpg 800w, https:\/\/www.paranapraia.com.br\/wp-content\/uploads\/2024\/06\/1000023572-300x169.jpg 300w, https:\/\/www.paranapraia.com.br\/wp-content\/uploads\/2024\/06\/1000023572-768x432.jpg 768w, https:\/\/www.paranapraia.com.br\/wp-content\/uploads\/2024\/06\/1000023572-696x392.jpg 696w\" sizes=\"(max-width: 800px) 100vw, 800px\" \/><\/figure>\n\n\n\n<figure class=\"wp-block-image size-large\"><img loading=\"lazy\" decoding=\"async\" width=\"1024\" height=\"576\" data-id=\"59471\" src=\"https:\/\/www.paranapraia.com.br\/wp-content\/uploads\/2024\/06\/1000023571-1024x576.jpg\" alt=\"\" class=\"wp-image-59471\" srcset=\"https:\/\/www.paranapraia.com.br\/wp-content\/uploads\/2024\/06\/1000023571-1024x576.jpg 1024w, https:\/\/www.paranapraia.com.br\/wp-content\/uploads\/2024\/06\/1000023571-300x169.jpg 300w, https:\/\/www.paranapraia.com.br\/wp-content\/uploads\/2024\/06\/1000023571-768x432.jpg 768w, https:\/\/www.paranapraia.com.br\/wp-content\/uploads\/2024\/06\/1000023571-696x392.jpg 696w, https:\/\/www.paranapraia.com.br\/wp-content\/uploads\/2024\/06\/1000023571-1068x601.jpg 1068w, https:\/\/www.paranapraia.com.br\/wp-content\/uploads\/2024\/06\/1000023571-scaled.jpg 800w\" sizes=\"(max-width: 1024px) 100vw, 1024px\" \/><\/figure>\n\n\n\n<figure class=\"wp-block-image size-large\"><img loading=\"lazy\" decoding=\"async\" width=\"800\" height=\"450\" data-id=\"59472\" src=\"https:\/\/www.paranapraia.com.br\/wp-content\/uploads\/2024\/06\/1000023570.jpg\" alt=\"\" class=\"wp-image-59472\" srcset=\"https:\/\/www.paranapraia.com.br\/wp-content\/uploads\/2024\/06\/1000023570.jpg 800w, https:\/\/www.paranapraia.com.br\/wp-content\/uploads\/2024\/06\/1000023570-300x169.jpg 300w, https:\/\/www.paranapraia.com.br\/wp-content\/uploads\/2024\/06\/1000023570-768x432.jpg 768w, https:\/\/www.paranapraia.com.br\/wp-content\/uploads\/2024\/06\/1000023570-696x392.jpg 696w\" sizes=\"(max-width: 800px) 100vw, 800px\" \/><\/figure>\n<\/figure>\n\n\n\n<p>Al\u00e9m da amplia\u00e7\u00e3o, com uma sala de aula que vai dar melhores condi\u00e7\u00f5es de aprendizado a mais 20 alunos, tamb\u00e9m foi entregue uma sala de calmaria para alunos portadores de TEA (Transtorno do Espectro Autista).<\/p>\n\n\n\n<p>Com a entrega de um melipon\u00e1rio, tamb\u00e9m foi lan\u00e7ado mais um projeto inovador em Pontal do Paran\u00e1, o de educa\u00e7\u00e3o ambiental a partir do cultivo de abelhas sem ferr\u00e3o, nativas da mata atl\u00e2ntica abundante no litoral paranaense. Participam da entrega das obras e do lan\u00e7amento foi projeto diretores da Associa\u00e7\u00e3o de Meliponicultores do Litoral, sediada em Shangri-L\u00e1, Pontal do Paran\u00e1.<\/p>\n\n\n\n<p>Junto com as obras do CMEI Tartaruga Verde, que ser\u00e3o entregues \u00e0 popula\u00e7\u00e3o em Ipanema nesta sexta (28), a amplia\u00e7\u00e3o da escola Benvinda ajuda a aumentar em 90 o n\u00famero de vagas na educa\u00e7\u00e3o infantil, sendo 30 delas no ensino em tempo integral.<\/p>\n\n\n\n<p>O prefeito Rud\u00e3o Gimenes falou da prioridade que \u00e9 investir em infraestrutura na Educa\u00e7\u00e3o. \u201cEsse CMEI passa a ter melhores condi\u00e7\u00f5es f\u00edsicas para aprendizado dos alunos al\u00e9m de implantar o que h\u00e1 de mais atual para os alunos autistas e o melipon\u00e1rio, que vai ensinar educa\u00e7\u00e3o ambiental para nossas crian\u00e7as num projeto inovador e bastante atual. \u00c9 uma grande conquista para nossa rede p\u00fablica de ensino\u201d, disse o prefeito.<\/p>\n\n\n\n<p>Rud\u00e3o tamb\u00e9m visitou todas as instala\u00e7\u00f5es, conversou com professores, pais e muitos alunos, crian\u00e7as que queriam estar perto do prefeito.<\/p>\n\n\n\n<p>IPANEMA: Nesta sexta (28), \u00e0s 15h30, ser\u00e3o entregues as obras de amplia\u00e7\u00e3o do Centro Municipal de educa\u00e7\u00e3o Infantil (CMEI) Tartaruga Verde, em Ipanema (Rua Itaperu\u00e7u N\u00ba 197).<\/p>\n\n\n\n<p>GUARAGUA\u00c7U: S\u00e1bado (29), \u00e0s 9h30, ser\u00e3o inaugurados o CMEI Francisco Vieira e a UBS Luzia Sales Bittencourt, ambos no Guaragua\u00e7u. Ap\u00f3s dez anos, o CMEI Francisco (Rua Sezino Ramos N\u00ba 2038) \u00e9 o primeiro a ser constru\u00eddo na cidade totalmente do zero.<\/p>\n\n\n\n<p>Est\u00e1 confirmada a presen\u00e7a do prefeito Rud\u00e3o Gimenes, da vice-prefeita Patr\u00edcia Millo Marcomini e da secret\u00e1ria municipal de Educa\u00e7\u00e3o Renata Marinho.<\/p>\n\n\n\n<p>AUTISMO: Nas escolas Benvinda (Pontal do Sul) e CMEI Francisco (Guaragua\u00e7u) passam a ficar dispon\u00edveis as primeiras salas de calmaria destinadas ao atendimento diferenciado e de autoregula\u00e7\u00e3o dos alunos autistas dos alunos portadores de Transtorno do Espectro Autista (TEA) da rede p\u00fablica municipal de ensino.<\/p>\n\n\n\n<p>VAGAS: Na busca por zerar a fila na educa\u00e7\u00e3o infantil foram reabertas, conclu\u00eddas ou reformadas nove de 13 educand\u00e1rios.<\/p>\n\n\n\n<p><br>Desde 2022 j\u00e1 foram ofertadas quase 600 novas vagas.<br>Reabertura do CMEI \u00c1gua Viva em Pontal do Sul: 45 vagas;<br>Cavalo Marinho: 80 vagas;<br>Cmei Peixinho Dourado: 50 vagas;<br>Cmei Estrela do Mar: 60 vagas;<br>Cmei Golfinho Azul: 36 vagas;<br>Cmei Ouri\u00e7o do Mar: 50 vagas;<br>Cmei Tartaruga Verde: 72 vagas;<br>Cmei Peixinho Sapeca: 160 vagas;<br>Cmei Francisco: Manuten\u00e7\u00e3o das 50 vagas integrais e abertura de novas 20 vagas.<\/p>\n\n\n\n<h1 class=\"wp-block-heading\">pontalquecresce<\/h1>\n\n\n\n<h1 class=\"wp-block-heading\">pontalquecuida<\/h1>\n\n\n\n<h1 class=\"wp-block-heading\">pontalparticipa<\/h1>\n\n\n\n<h1 class=\"wp-block-heading\">pontaldoparana\u0301<\/h1>\n\n\n\n<h1 class=\"wp-block-heading\">PrefeituradePontaldoParana<\/h1>\n\n\n\n<h1 class=\"wp-block-heading\">smed<\/h1>\n\n\n\n<h1 class=\"wp-block-heading\">litoralpr<\/h1>\n\n\n\n<h1 class=\"wp-block-heading\">litoralparanaense<\/h1>\n","protected":false},"excerpt":{"rendered":"<p>As obras de amplia\u00e7\u00e3o da Escola Municipal Benvinda de Miranda Lopes Correa, em Pontal do Sul, foram entregues \u00e0 popula\u00e7\u00e3o pontalense oficialmente nesta quinta (27) pelo prefeito Rud\u00e3o Gimenes numa solenidade que contou tamb\u00e9m com as presen\u00e7as da vice-prefeita Patr\u00edcia Millo Marcomini, da secret\u00e1ria municipal de Educa\u00e7\u00e3o Renata Marinho, vereadores e da comunidade escolar. Al\u00e9m [&hellip;]<\/p>\n","protected":false},"author":2,"featured_media":59468,"comment_status":"open","ping_status":"open","sticky":false,"template":"","format":"standard","meta":{"advanced_seo_description":"","jetpack_seo_html_title":"","jetpack_seo_noindex":false,"_jetpack_memberships_contains_paid_content":false,"footnotes":""},"categories":[65],"tags":[],"class_list":{"0":"post-59467","1":"post","2":"type-post","3":"status-publish","4":"format-standard","5":"has-post-thumbnail","7":"category-pontal-do-parana"},"jetpack_featured_media_url":"https:\/\/www.paranapraia.com.br\/wp-content\/uploads\/2024\/06\/FB_IMG_1719755728730-scaled.jpg","jetpack_sharing_enabled":true,"_links":{"self":[{"href":"https:\/\/www.paranapraia.com.br\/index.php\/wp-json\/wp\/v2\/posts\/59467"}],"collection":[{"href":"https:\/\/www.paranapraia.com.br\/index.php\/wp-json\/wp\/v2\/posts"}],"about":[{"href":"https:\/\/www.paranapraia.com.br\/index.php\/wp-json\/wp\/v2\/types\/post"}],"author":[{"embeddable":true,"href":"https:\/\/www.paranapraia.com.br\/index.php\/wp-json\/wp\/v2\/users\/2"}],"replies":[{"embeddable":true,"href":"https:\/\/www.paranapraia.com.br\/index.php\/wp-json\/wp\/v2\/comments?post=59467"}],"version-history":[{"count":1,"href":"https:\/\/www.paranapraia.com.br\/index.php\/wp-json\/wp\/v2\/posts\/59467\/revisions"}],"predecessor-version":[{"id":59473,"href":"https:\/\/www.paranapraia.com.br\/index.php\/wp-json\/wp\/v2\/posts\/59467\/revisions\/59473"}],"wp:featuredmedia":[{"embeddable":true,"href":"https:\/\/www.paranapraia.com.br\/index.php\/wp-json\/wp\/v2\/media\/59468"}],"wp:attachment":[{"href":"https:\/\/www.paranapraia.com.br\/index.php\/wp-json\/wp\/v2\/media?parent=59467"}],"wp:term":[{"taxonomy":"category","embeddable":true,"href":"https:\/\/www.paranapraia.com.br\/index.php\/wp-json\/wp\/v2\/categories?post=59467"},{"taxonomy":"post_tag","embeddable":true,"href":"https:\/\/www.paranapraia.com.br\/index.php\/wp-json\/wp\/v2\/tags?post=59467"}],"curies":[{"name":"wp","href":"https:\/\/api.w.org\/{rel}","templated":true}]}}