{"id":58575,"date":"2024-04-09T20:24:51","date_gmt":"2024-04-09T23:24:51","guid":{"rendered":"https:\/\/www.paranapraia.com.br\/?p=58575"},"modified":"2024-04-11T20:27:32","modified_gmt":"2024-04-11T23:27:32","slug":"compagas-apresenta-plano-de-expansao-para-o-norte-do-parana-durante-a-expolondrina","status":"publish","type":"post","link":"https:\/\/www.paranapraia.com.br\/index.php\/2024\/04\/09\/compagas-apresenta-plano-de-expansao-para-o-norte-do-parana-durante-a-expolondrina\/","title":{"rendered":"Compagas apresenta plano de expans\u00e3o para o Norte do Paran\u00e1 durante a ExpoLondrina"},"content":{"rendered":"\n<p>A&nbsp;<strong><a href=\"https:\/\/www.compagas.com.br\/\" target=\"_blank\" rel=\"noreferrer noopener\">Compagas<\/a><\/strong>&nbsp;apresentou nesta sexta-feira (5), durante o Londrina Paran\u00e1 Day, na abertura da ExpoLondrina 2024, o plano de expans\u00e3o da empresa para o Norte do Paran\u00e1. O CEO da Companhia, Rafael Lamastra Jr, anunciou a retomada da opera\u00e7\u00e3o de distribui\u00e7\u00e3o de g\u00e1s canalizado na cidade, com o atendimento industrial, e novos investimentos para os mercados residencial, comercial e veicular. Outro an\u00fancio foi a possibilidade de atender a regi\u00e3o com o biometano, um g\u00e1s renov\u00e1vel e alinhado \u00e0s metas de sustentabilidade.<\/p>\n\n\n\n<p>O objetivo da Compagas \u00e9 retomar o atendimento em Londrina a partir do segundo semestre de 2025, a come\u00e7ar pelo setor industrial por meio da rede de distribui\u00e7\u00e3o de cerca de 6 quil\u00f4metros j\u00e1 instalada e, para isso, iniciou negocia\u00e7\u00f5es com potenciais consumidores e supridores.<\/p>\n\n\n\n<p>Para Lamastra, esse \u00e9 um novo marco para a distribuidora. \u201cCom investimento de R$ 80 milh\u00f5es, vamos iniciar o plano de expans\u00e3o previsto no novo contrato de concess\u00e3o pela regi\u00e3o Norte, a come\u00e7ar por Londrina, com a constru\u00e7\u00e3o de novas redes de distribui\u00e7\u00e3o que atender\u00e3o, num primeiro momento, as ind\u00fastrias, mas que tamb\u00e9m chegar\u00e1 aos setores comercial e residencial. Nossa expectativa \u00e9 atender tamb\u00e9m a nova cidade industrial e oferecer ao mercado um polo industrial verde, por meio do fornecimento do biometano, o nosso g\u00e1s natural renov\u00e1vel\u201d, explicou.<\/p>\n\n\n\n<p>A partir de Londrina, al\u00e9m da rede j\u00e1 implementada, o projeto da Compagas prev\u00ea ainda esse ano a constru\u00e7\u00e3o de um trecho de cerca de 4 quil\u00f4metros at\u00e9 o munic\u00edpio de Camb\u00e9 para atender as ind\u00fastrias instaladas no percurso. Outros trechos que totalizam pouco mais de 30 quil\u00f4metros atender\u00e3o o bairro Gleba Palhano, localizado na zona Sul e considerado uma das regi\u00f5es mais valorizadas no setor imobili\u00e1rio e de intenso com\u00e9rcio.<\/p>\n\n\n\n<p>O prefeito de Londrina, Marcelo Belinati, destacou a import\u00e2ncia da rede de g\u00e1s natural para a regi\u00e3o. \u201cLondrina \u00e9 um munic\u00edpio com alto potencial industrial. Nos \u00faltimos anos tem atra\u00eddo grandes ind\u00fastrias e que instalam aqui seus centros de opera\u00e7\u00e3o, distribui\u00e7\u00e3o e log\u00edstica, e agora com a retomada da opera\u00e7\u00e3o da Compagas com a rede de g\u00e1s canalizado teremos ainda mais desenvolvimento industrial em nossa cidade\u201d, afirmou.<\/p>\n\n\n\n<p>\u201cO an\u00fancio feito hoje pela Compagas \u00e9 extremamente importante para fomentar um novo n\u00famero de empresas na regi\u00e3o industrial de Londrina. Al\u00e9m disso, temos em pauta a descarboniza\u00e7\u00e3o. Para ter isso principalmente com os ve\u00edculos pesados \u00e9 importante ter a Companhia como parceira e atuando na regi\u00e3o de Londrina\u201d, complementou Eduardo Bekin, diretor- presidente da Invest Paran\u00e1.<\/p>\n\n\n\n<p>O presidente da Companhia de Desenvolvimento de Londrina (Codel), Alex Canziani, destacou a import\u00e2ncia do an\u00fancio do investimento pela Compagas para o desenvolvimento da cidade. \u201cEsta not\u00edcia vai transformar a Cidade Industrial de Londrina. O condom\u00ednio industrial que temos na cidade est\u00e1 em constru\u00e7\u00e3o e ser\u00e1 o primeiro parque abastecido com biometano. Isto \u00e9 um diferencial competitivo na atra\u00e7\u00e3o de novas empresas, que v\u00e3o contribuir com o desenvolvimento econ\u00f4mico da cidade\u201d, arrematou.<\/p>\n\n\n\n<p>O plano de investimento da Compagas para a regi\u00e3o Norte ainda abrange diretrizes de expans\u00e3o e interioriza\u00e7\u00e3o do servi\u00e7o de distribui\u00e7\u00e3o de g\u00e1s canalizado, incorpora\u00e7\u00e3o do biometano \u00e0 matriz de suprimento do neg\u00f3cio, aumento da competitividade do g\u00e1s canalizado para a ind\u00fastria e oportunidades como o uso do g\u00e1s no transporte coletivo urbano. Al\u00e9m de Londrina, o munic\u00edpio de Maring\u00e1, no Noroeste, tamb\u00e9m est\u00e1 contemplado no ciclo de expans\u00e3o, com atendimento por meio do g\u00e1s canalizado.<\/p>\n\n\n\n<p>AEN<\/p>\n","protected":false},"excerpt":{"rendered":"<p>A&nbsp;Compagas&nbsp;apresentou nesta sexta-feira (5), durante o Londrina Paran\u00e1 Day, na abertura da ExpoLondrina 2024, o plano de expans\u00e3o da empresa para o Norte do Paran\u00e1. O CEO da Companhia, Rafael Lamastra Jr, anunciou a retomada da opera\u00e7\u00e3o de distribui\u00e7\u00e3o de g\u00e1s canalizado na cidade, com o atendimento industrial, e novos investimentos para os mercados residencial, [&hellip;]<\/p>\n","protected":false},"author":2,"featured_media":58576,"comment_status":"open","ping_status":"open","sticky":false,"template":"","format":"standard","meta":{"advanced_seo_description":"","jetpack_seo_html_title":"","jetpack_seo_noindex":false,"_jetpack_memberships_contains_paid_content":false,"footnotes":""},"categories":[40],"tags":[],"class_list":{"0":"post-58575","1":"post","2":"type-post","3":"status-publish","4":"format-standard","5":"has-post-thumbnail","7":"category-destaques"},"jetpack_featured_media_url":"https:\/\/www.paranapraia.com.br\/wp-content\/uploads\/2024\/04\/whatsapp_image_2024-04-05_at_14.20.19-scaled.jpg","jetpack_sharing_enabled":true,"_links":{"self":[{"href":"https:\/\/www.paranapraia.com.br\/index.php\/wp-json\/wp\/v2\/posts\/58575"}],"collection":[{"href":"https:\/\/www.paranapraia.com.br\/index.php\/wp-json\/wp\/v2\/posts"}],"about":[{"href":"https:\/\/www.paranapraia.com.br\/index.php\/wp-json\/wp\/v2\/types\/post"}],"author":[{"embeddable":true,"href":"https:\/\/www.paranapraia.com.br\/index.php\/wp-json\/wp\/v2\/users\/2"}],"replies":[{"embeddable":true,"href":"https:\/\/www.paranapraia.com.br\/index.php\/wp-json\/wp\/v2\/comments?post=58575"}],"version-history":[{"count":1,"href":"https:\/\/www.paranapraia.com.br\/index.php\/wp-json\/wp\/v2\/posts\/58575\/revisions"}],"predecessor-version":[{"id":58577,"href":"https:\/\/www.paranapraia.com.br\/index.php\/wp-json\/wp\/v2\/posts\/58575\/revisions\/58577"}],"wp:featuredmedia":[{"embeddable":true,"href":"https:\/\/www.paranapraia.com.br\/index.php\/wp-json\/wp\/v2\/media\/58576"}],"wp:attachment":[{"href":"https:\/\/www.paranapraia.com.br\/index.php\/wp-json\/wp\/v2\/media?parent=58575"}],"wp:term":[{"taxonomy":"category","embeddable":true,"href":"https:\/\/www.paranapraia.com.br\/index.php\/wp-json\/wp\/v2\/categories?post=58575"},{"taxonomy":"post_tag","embeddable":true,"href":"https:\/\/www.paranapraia.com.br\/index.php\/wp-json\/wp\/v2\/tags?post=58575"}],"curies":[{"name":"wp","href":"https:\/\/api.w.org\/{rel}","templated":true}]}}