{"id":58476,"date":"2024-03-20T15:15:00","date_gmt":"2024-03-20T18:15:00","guid":{"rendered":"https:\/\/www.paranapraia.com.br\/?p=58476"},"modified":"2024-04-05T15:17:01","modified_gmt":"2024-04-05T18:17:01","slug":"estados-do-sul-discutem-melhorias-na-malha-ferroviaria-e-apresentarao-demandas-a-uniao","status":"publish","type":"post","link":"https:\/\/www.paranapraia.com.br\/index.php\/2024\/03\/20\/estados-do-sul-discutem-melhorias-na-malha-ferroviaria-e-apresentarao-demandas-a-uniao\/","title":{"rendered":"Estados do Sul discutem melhorias na malha ferrovi\u00e1ria e apresentar\u00e3o demandas \u00e0 Uni\u00e3o"},"content":{"rendered":"\n<p>O grupo, que comp\u00f5e o Cons\u00f3rcio de Integra\u00e7\u00e3o Sul e Sudeste (Cosud), discutiu a atual situa\u00e7\u00e3o da Malha Sul, que corta os tr\u00eas estados do Sul e parte de S\u00e3o Paulo. Eles decidiram elaborar um termo de refer\u00eancia para a contrata\u00e7\u00e3o de um estudo de demanda que indicar\u00e1 as cargas e volumes que poderiam ser transportados pela atual malha ferrovi\u00e1ria para requerer melhorias na presta\u00e7\u00e3o do servi\u00e7o.<\/p>\n\n\n\n<p>Tamb\u00e9m v\u00e3o apresentar uma proposta para o processo da nova concess\u00e3o ao Minist\u00e9rio dos Transportes. O atual contrato da iniciativa privada com o governo federal, com 7.223 quil\u00f4metros de extens\u00e3o, se encerra em fevereiro de 2027.&nbsp;Uma consultoria t\u00e9cnica vai apontar as melhores solu\u00e7\u00f5es para o futuro.<\/p>\n\n\n\n<p>Os tr\u00eas estados do Sul s\u00e3o grandes produtores de gr\u00e3os, principalmente soja, e lideram a produ\u00e7\u00e3o de su\u00ednos e frangos no Pa\u00eds. Boa parte do volume do campo e da ind\u00fastria \u00e9 exportada&nbsp;por trilhos. Quando comparado com o transporte rodovi\u00e1rio, o frete ferrovi\u00e1rio costuma ser, em m\u00e9dia, 30% mais barato.<\/p>\n\n\n\n<p>\u201cVamos analisar em conjunto uma proposta a ser apresentada para o governo federal\u201d, destacou Darci Piana.&nbsp;\u201cUma boa malha ferrovi\u00e1ria \u00e9 boa inclusive para imprevistos. Com o volume de chuvas que tivemos recentemente, por exemplo, o setor produtivo acabou prejudicado. Se tiv\u00e9ssemos um sistema ferrovi\u00e1rio mais eficiente ter\u00edamos sofrido muito menos\u201d.<\/p>\n\n\n\n<p>Gabriel Souza destacou a necessidade urgente de novos investimentos nesse modal. \u201cQueremos melhorar a efici\u00eancia da Malha Sul\u201d, afirmou. \u201cTeremos uma reuni\u00e3o no Minist\u00e9rio dos Transportes no dia 14 de maio e iremos juntos a Bras\u00edlia para apresentar essas demandas para o governo federal\u201d.<\/p>\n\n\n\n<p>AEN<\/p>\n","protected":false},"excerpt":{"rendered":"<p>O grupo, que comp\u00f5e o Cons\u00f3rcio de Integra\u00e7\u00e3o Sul e Sudeste (Cosud), discutiu a atual situa\u00e7\u00e3o da Malha Sul, que corta os tr\u00eas estados do Sul e parte de S\u00e3o Paulo. Eles decidiram elaborar um termo de refer\u00eancia para a contrata\u00e7\u00e3o de um estudo de demanda que indicar\u00e1 as cargas e volumes que poderiam ser [&hellip;]<\/p>\n","protected":false},"author":2,"featured_media":58477,"comment_status":"open","ping_status":"open","sticky":false,"template":"","format":"standard","meta":{"advanced_seo_description":"","jetpack_seo_html_title":"","jetpack_seo_noindex":false,"_jetpack_memberships_contains_paid_content":false,"footnotes":""},"categories":[40],"tags":[],"class_list":{"0":"post-58476","1":"post","2":"type-post","3":"status-publish","4":"format-standard","5":"has-post-thumbnail","7":"category-destaques"},"jetpack_featured_media_url":"https:\/\/www.paranapraia.com.br\/wp-content\/uploads\/2024\/04\/vice-governador-reuniao_cosud-ferroeste-04-04-24_159_0-scaled.jpg","jetpack_sharing_enabled":true,"_links":{"self":[{"href":"https:\/\/www.paranapraia.com.br\/index.php\/wp-json\/wp\/v2\/posts\/58476"}],"collection":[{"href":"https:\/\/www.paranapraia.com.br\/index.php\/wp-json\/wp\/v2\/posts"}],"about":[{"href":"https:\/\/www.paranapraia.com.br\/index.php\/wp-json\/wp\/v2\/types\/post"}],"author":[{"embeddable":true,"href":"https:\/\/www.paranapraia.com.br\/index.php\/wp-json\/wp\/v2\/users\/2"}],"replies":[{"embeddable":true,"href":"https:\/\/www.paranapraia.com.br\/index.php\/wp-json\/wp\/v2\/comments?post=58476"}],"version-history":[{"count":1,"href":"https:\/\/www.paranapraia.com.br\/index.php\/wp-json\/wp\/v2\/posts\/58476\/revisions"}],"predecessor-version":[{"id":58478,"href":"https:\/\/www.paranapraia.com.br\/index.php\/wp-json\/wp\/v2\/posts\/58476\/revisions\/58478"}],"wp:featuredmedia":[{"embeddable":true,"href":"https:\/\/www.paranapraia.com.br\/index.php\/wp-json\/wp\/v2\/media\/58477"}],"wp:attachment":[{"href":"https:\/\/www.paranapraia.com.br\/index.php\/wp-json\/wp\/v2\/media?parent=58476"}],"wp:term":[{"taxonomy":"category","embeddable":true,"href":"https:\/\/www.paranapraia.com.br\/index.php\/wp-json\/wp\/v2\/categories?post=58476"},{"taxonomy":"post_tag","embeddable":true,"href":"https:\/\/www.paranapraia.com.br\/index.php\/wp-json\/wp\/v2\/tags?post=58476"}],"curies":[{"name":"wp","href":"https:\/\/api.w.org\/{rel}","templated":true}]}}