{"id":58471,"date":"2024-03-19T15:08:00","date_gmt":"2024-03-19T18:08:00","guid":{"rendered":"https:\/\/www.paranapraia.com.br\/?p=58471"},"modified":"2024-04-05T15:12:08","modified_gmt":"2024-04-05T18:12:08","slug":"policia-civil-ganha-novo-sistema-de-promocoes-e-codigo-disciplinar-mais-moderno","status":"publish","type":"post","link":"https:\/\/www.paranapraia.com.br\/index.php\/2024\/03\/19\/policia-civil-ganha-novo-sistema-de-promocoes-e-codigo-disciplinar-mais-moderno\/","title":{"rendered":"Pol\u00edcia Civil ganha novo sistema de promo\u00e7\u00f5es e c\u00f3digo disciplinar mais moderno"},"content":{"rendered":"\n<p>O governador Carlos Massa Ratinho Junior sancionou nesta semana a&nbsp;<a href=\"https:\/\/www.aen.pr.gov.br\/sites\/default\/arquivos_restritos\/files\/documento\/2024-04\/pl1012.2023lei21.894_ass_2.pdf\" target=\"_blank\" rel=\"noreferrer noopener\">Lei n\u00ba 21.894\/2024<\/a>&nbsp;, que disp\u00f5e sobre a moderniza\u00e7\u00e3o do C\u00f3digo Disciplinar da Pol\u00edcia Civil do Paran\u00e1 (PCPR) e estabelece altera\u00e7\u00f5es na Lei Complementar n\u00ba 259\/2023, principalmente relacionadas com a reestrutura\u00e7\u00e3o das carreiras de Agente de Pol\u00edcia Judici\u00e1ria e Papiloscopista Policial. &nbsp;<\/p>\n\n\n\n<p>A nova lei institui altera\u00e7\u00f5es na promo\u00e7\u00e3o por titula\u00e7\u00e3o dos policiais civis para os n\u00edveis 6 e 10 das carreiras a partir de 2026. Com as mudan\u00e7as, todos os policiais civis ter\u00e3o a oportunidade de alcan\u00e7ar o n\u00edvel 11, \u00faltimo n\u00edvel da carreira, com 21 anos de exerc\u00edcio na PCPR.<\/p>\n\n\n\n<p>&#8220;As mudan\u00e7as resultam na melhoria da qualifica\u00e7\u00e3o dos policiais e presta\u00e7\u00e3o de servi\u00e7os de seguran\u00e7a p\u00fablica \u00e0 popula\u00e7\u00e3o paranaense, al\u00e9m de reestabelecer a igualdade no sistema de promo\u00e7\u00f5es dos servidores em atividade com aqueles que ainda ir\u00e3o ingressar na institui\u00e7\u00e3o&#8221;, afirma o delegado-geral da Pol\u00edcia Civil, Silvio Jacob Rockembach<\/p>\n\n\n\n<p>Na pr\u00e1tica, a lei prev\u00ea que o policial civil que contar com 11 e 19 anos de exerc\u00edcio na PCPR a partir de 2026 e ainda n\u00e3o se encontrar, respectivamente, nos n\u00edveis 6 e 10, ser\u00e1 promovido desde que contemple os requisitos, independente de tempo de interst\u00edcio e n\u00edvel em que se encontre. &nbsp;<\/p>\n\n\n\n<p>O interst\u00edcio \u00e9 o prazo m\u00ednimo de dois anos de efetivo exerc\u00edcio no n\u00edvel para poder concorrer \u00e0 nova promo\u00e7\u00e3o. Mesmo que o servidor tenha sido promovido ao n\u00edvel 4 em 2025 e conte com 11 anos de exerc\u00edcio em 2026, por exemplo, com as novas altera\u00e7\u00f5es na lei n\u00e3o ser\u00e1 necess\u00e1rio aguardar dois anos para promo\u00e7\u00e3o ao n\u00edvel 6 da carreira. &nbsp;<\/p>\n\n\n\n<p>A vig\u00eancia do interst\u00edcio \u00e9 retomada ap\u00f3s a troca dos n\u00edveis estabelecidos nas normativas, ou seja, ao progredir para a n\u00edvel 6 em 2026, o policial chegar\u00e1 na n\u00edvel 11 no ano de 2036. &nbsp;<\/p>\n\n\n\n<p>\u201cEssa mudan\u00e7a \u00e9 um grande avan\u00e7o para a Pol\u00edcia Civil. Ao contr\u00e1rio do sistema de promo\u00e7\u00e3o anterior, em que poucos policiais conseguiam se aposentar no \u00faltimo n\u00edvel, com as regras atuais conseguir\u00e3o alcan\u00e7ar com 21 anos. Ao longo dos pr\u00f3ximos anos, aproximadamente tr\u00eas mil policiais civis das carreiras de base ser\u00e3o beneficiados\u201d, complementa Rockembach. \u00a0<\/p>\n\n\n\n<p>AEN<\/p>\n","protected":false},"excerpt":{"rendered":"<p>O governador Carlos Massa Ratinho Junior sancionou nesta semana a&nbsp;Lei n\u00ba 21.894\/2024&nbsp;, que disp\u00f5e sobre a moderniza\u00e7\u00e3o do C\u00f3digo Disciplinar da Pol\u00edcia Civil do Paran\u00e1 (PCPR) e estabelece altera\u00e7\u00f5es na Lei Complementar n\u00ba 259\/2023, principalmente relacionadas com a reestrutura\u00e7\u00e3o das carreiras de Agente de Pol\u00edcia Judici\u00e1ria e Papiloscopista Policial. &nbsp; A nova lei institui altera\u00e7\u00f5es [&hellip;]<\/p>\n","protected":false},"author":2,"featured_media":58472,"comment_status":"open","ping_status":"open","sticky":false,"template":"","format":"standard","meta":{"advanced_seo_description":"","jetpack_seo_html_title":"","jetpack_seo_noindex":false,"_jetpack_memberships_contains_paid_content":false,"footnotes":""},"categories":[33],"tags":[],"class_list":{"0":"post-58471","1":"post","2":"type-post","3":"status-publish","4":"format-standard","5":"has-post-thumbnail","7":"category-policia"},"jetpack_featured_media_url":"https:\/\/www.paranapraia.com.br\/wp-content\/uploads\/2024\/04\/pcpr15-scaled.jpg","jetpack_sharing_enabled":true,"_links":{"self":[{"href":"https:\/\/www.paranapraia.com.br\/index.php\/wp-json\/wp\/v2\/posts\/58471"}],"collection":[{"href":"https:\/\/www.paranapraia.com.br\/index.php\/wp-json\/wp\/v2\/posts"}],"about":[{"href":"https:\/\/www.paranapraia.com.br\/index.php\/wp-json\/wp\/v2\/types\/post"}],"author":[{"embeddable":true,"href":"https:\/\/www.paranapraia.com.br\/index.php\/wp-json\/wp\/v2\/users\/2"}],"replies":[{"embeddable":true,"href":"https:\/\/www.paranapraia.com.br\/index.php\/wp-json\/wp\/v2\/comments?post=58471"}],"version-history":[{"count":2,"href":"https:\/\/www.paranapraia.com.br\/index.php\/wp-json\/wp\/v2\/posts\/58471\/revisions"}],"predecessor-version":[{"id":58475,"href":"https:\/\/www.paranapraia.com.br\/index.php\/wp-json\/wp\/v2\/posts\/58471\/revisions\/58475"}],"wp:featuredmedia":[{"embeddable":true,"href":"https:\/\/www.paranapraia.com.br\/index.php\/wp-json\/wp\/v2\/media\/58472"}],"wp:attachment":[{"href":"https:\/\/www.paranapraia.com.br\/index.php\/wp-json\/wp\/v2\/media?parent=58471"}],"wp:term":[{"taxonomy":"category","embeddable":true,"href":"https:\/\/www.paranapraia.com.br\/index.php\/wp-json\/wp\/v2\/categories?post=58471"},{"taxonomy":"post_tag","embeddable":true,"href":"https:\/\/www.paranapraia.com.br\/index.php\/wp-json\/wp\/v2\/tags?post=58471"}],"curies":[{"name":"wp","href":"https:\/\/api.w.org\/{rel}","templated":true}]}}