{"id":58468,"date":"2024-03-18T15:05:00","date_gmt":"2024-03-18T18:05:00","guid":{"rendered":"https:\/\/www.paranapraia.com.br\/?p=58468"},"modified":"2024-04-05T15:08:23","modified_gmt":"2024-04-05T18:08:23","slug":"estado-libera-r-12-milhoes-para-ampliacao-do-cisa-e-do-hospital-cemil-em-umuarama","status":"publish","type":"post","link":"https:\/\/www.paranapraia.com.br\/index.php\/2024\/03\/18\/estado-libera-r-12-milhoes-para-ampliacao-do-cisa-e-do-hospital-cemil-em-umuarama\/","title":{"rendered":"Estado libera R$ 12 milh\u00f5es para amplia\u00e7\u00e3o do Cisa e do Hospital Cemil, em Umuarama"},"content":{"rendered":"\n<p>Para o Hospital Cemil, o repasse ir\u00e1 garantir uma reforma estrutural com readequa\u00e7\u00e3o das \u00e1reas de enfermaria, melhoria do ambiente atual e amplia\u00e7\u00e3o do espa\u00e7o dos quartos para distribui\u00e7\u00e3o de leitos.<\/p>\n\n\n\n<p>Al\u00e9m disso, o Pronto Socorro da unidade, que \u00e9 gerida pela Associa\u00e7\u00e3o S\u00e3o Francisco do Assis, tamb\u00e9m passar\u00e1 por um processo de amplia\u00e7\u00e3o de 579 metros quadrados, o que facilitar\u00e1 o fluxo de pacientes e acolhimento das ambul\u00e2ncias, possibilitando, ainda, a inclus\u00e3o de novos consult\u00f3rios e sala para endoscopia.<\/p>\n\n\n\n<p>&#8220;Esse \u00e9 um momento muito especial, o in\u00edcio de uma nova fase dessa institui\u00e7\u00e3o. Destacamos que o Governo do Estado reconhece e apoia o trabalho da filantropia. N\u00e3o tenho d\u00favidas de que muitas vidas ser\u00e3o salvas com esse movimento&#8221;, afirmou o superintendente do Cemil, Jo\u00e3o Jorge Hell<\/p>\n\n\n\n<p>O Governo do Estado, por meio da Secretaria da Sa\u00fade (Sesa), anunciou um pacote de investimentos no valor de R$ 12 milh\u00f5es para obras da sa\u00fade em Umuarama, no Noroeste do Paran\u00e1. O montante \u00e9 referente \u00e0s libera\u00e7\u00f5es para a amplia\u00e7\u00e3o e reforma do Hospital Cemil, no valor de R$ 7,6 milh\u00f5es, e a amplia\u00e7\u00e3o da unidade do Cons\u00f3rcio Intermunicipal de Sa\u00fade (Cisa), no valor de R$ 4,4 milh\u00f5es.<\/p>\n\n\n\n<p>A iniciativa repercutir\u00e1 no atendimento aos moradores dos 19 munic\u00edpios que t\u00eam Umuarama como polo de refer\u00eancia. \u201cEstamos falando n\u00e3o somente de investimentos para expandir o atendimento do SUS, mas de obras estruturantes, que devem ser refer\u00eancia na regi\u00e3o pelas pr\u00f3ximas d\u00e9cadas\u201d, disse o secret\u00e1rio da Sa\u00fade, Beto Preto.<\/p>\n\n\n\n<p>Para o Hospital Cemil, o repasse ir\u00e1 garantir uma reforma estrutural com readequa\u00e7\u00e3o das \u00e1reas de enfermaria, melhoria do ambiente atual e amplia\u00e7\u00e3o do espa\u00e7o dos quartos para distribui\u00e7\u00e3o de leitos.<\/p>\n\n\n\n<p>Al\u00e9m disso, o Pronto Socorro da unidade, que \u00e9 gerida pela Associa\u00e7\u00e3o S\u00e3o Francisco do Assis, tamb\u00e9m passar\u00e1 por um processo de amplia\u00e7\u00e3o de 579 metros quadrados, o que facilitar\u00e1 o fluxo de pacientes e acolhimento das ambul\u00e2ncias, possibilitando, ainda, a inclus\u00e3o de novos consult\u00f3rios e sala para endoscopia.<\/p>\n\n\n\n<p>&#8220;Esse \u00e9 um momento muito especial, o in\u00edcio de uma nova fase dessa institui\u00e7\u00e3o. Destacamos que o Governo do Estado reconhece e apoia o trabalho da filantropia. N\u00e3o tenho d\u00favidas de que muitas vidas ser\u00e3o salvas com esse movimento&#8221;, afirmou o superintendente do Cemil, Jo\u00e3o Jorge Hell\u00fa.<\/p>\n\n\n\n<p>AEN<\/p>\n","protected":false},"excerpt":{"rendered":"<p>Para o Hospital Cemil, o repasse ir\u00e1 garantir uma reforma estrutural com readequa\u00e7\u00e3o das \u00e1reas de enfermaria, melhoria do ambiente atual e amplia\u00e7\u00e3o do espa\u00e7o dos quartos para distribui\u00e7\u00e3o de leitos. Al\u00e9m disso, o Pronto Socorro da unidade, que \u00e9 gerida pela Associa\u00e7\u00e3o S\u00e3o Francisco do Assis, tamb\u00e9m passar\u00e1 por um processo de amplia\u00e7\u00e3o de [&hellip;]<\/p>\n","protected":false},"author":2,"featured_media":58469,"comment_status":"open","ping_status":"open","sticky":false,"template":"","format":"standard","meta":{"advanced_seo_description":"","jetpack_seo_html_title":"","jetpack_seo_noindex":false,"_jetpack_memberships_contains_paid_content":false,"footnotes":""},"categories":[40],"tags":[],"class_list":{"0":"post-58468","1":"post","2":"type-post","3":"status-publish","4":"format-standard","5":"has-post-thumbnail","7":"category-destaques"},"jetpack_featured_media_url":"https:\/\/www.paranapraia.com.br\/wp-content\/uploads\/2024\/04\/6f7ea75b-a89b-43c1-bcc4-5f99457522d5-scaled.jpg","jetpack_sharing_enabled":true,"_links":{"self":[{"href":"https:\/\/www.paranapraia.com.br\/index.php\/wp-json\/wp\/v2\/posts\/58468"}],"collection":[{"href":"https:\/\/www.paranapraia.com.br\/index.php\/wp-json\/wp\/v2\/posts"}],"about":[{"href":"https:\/\/www.paranapraia.com.br\/index.php\/wp-json\/wp\/v2\/types\/post"}],"author":[{"embeddable":true,"href":"https:\/\/www.paranapraia.com.br\/index.php\/wp-json\/wp\/v2\/users\/2"}],"replies":[{"embeddable":true,"href":"https:\/\/www.paranapraia.com.br\/index.php\/wp-json\/wp\/v2\/comments?post=58468"}],"version-history":[{"count":1,"href":"https:\/\/www.paranapraia.com.br\/index.php\/wp-json\/wp\/v2\/posts\/58468\/revisions"}],"predecessor-version":[{"id":58470,"href":"https:\/\/www.paranapraia.com.br\/index.php\/wp-json\/wp\/v2\/posts\/58468\/revisions\/58470"}],"wp:featuredmedia":[{"embeddable":true,"href":"https:\/\/www.paranapraia.com.br\/index.php\/wp-json\/wp\/v2\/media\/58469"}],"wp:attachment":[{"href":"https:\/\/www.paranapraia.com.br\/index.php\/wp-json\/wp\/v2\/media?parent=58468"}],"wp:term":[{"taxonomy":"category","embeddable":true,"href":"https:\/\/www.paranapraia.com.br\/index.php\/wp-json\/wp\/v2\/categories?post=58468"},{"taxonomy":"post_tag","embeddable":true,"href":"https:\/\/www.paranapraia.com.br\/index.php\/wp-json\/wp\/v2\/tags?post=58468"}],"curies":[{"name":"wp","href":"https:\/\/api.w.org\/{rel}","templated":true}]}}