{"id":58465,"date":"2024-03-17T15:03:00","date_gmt":"2024-03-17T18:03:00","guid":{"rendered":"https:\/\/www.paranapraia.com.br\/?p=58465"},"modified":"2024-04-05T15:05:00","modified_gmt":"2024-04-05T18:05:00","slug":"conferencia-no-parana-aponta-150-sugestoes-para-o-desenvolvimento-da-ciencia","status":"publish","type":"post","link":"https:\/\/www.paranapraia.com.br\/index.php\/2024\/03\/17\/conferencia-no-parana-aponta-150-sugestoes-para-o-desenvolvimento-da-ciencia\/","title":{"rendered":"Confer\u00eancia no Paran\u00e1 aponta 150 sugest\u00f5es para o desenvolvimento da ci\u00eancia"},"content":{"rendered":"\n<p>Realizado pelo Governo do Estado, por meio da Secretaria da Ci\u00eancia, Tecnologia e Ensino Superior (Seti), o evento antecede a confer\u00eancia regional, que ser\u00e1 sediada pelo Paran\u00e1 nos dias 25 e 26 de abril, com participa\u00e7\u00e3o de representantes do ecossistema de ci\u00eancia, tecnologia e inova\u00e7\u00e3o (CTI) dos tr\u00eas estados do Sul.<\/p>\n\n\n\n<p>As propostas levantadas ser\u00e3o revisadas e consolidadas na pr\u00f3xima semana para subsidiar a etapa regional da confer\u00eancia nacional, que ser\u00e1 realizada no per\u00edodo de 4 a 6 de junho, pelo Minist\u00e9rio da Ci\u00eancia, Tecnologia e Inova\u00e7\u00e3o (MCTI), em Bras\u00edlia (DF). Em todo o pa\u00eds, os documentos compilados pelos estados contribuir\u00e3o para a elabora\u00e7\u00e3o da Estrat\u00e9gia Nacional de Ci\u00eancia, Tecnologia e Inova\u00e7\u00e3o 2024-2030.<\/p>\n\n\n\n<p>Para o secret\u00e1rio Aldo Bona o evento representou o envolvimento do Estado e de toda a comunidade em torno dessas pautas. \u201cOs participantes puderam contribuir com suas experi\u00eancias e viv\u00eancias, promovendo debates a partir dos sete eixos tem\u00e1ticos para que possamos construir a melhor estrat\u00e9gia nacional na \u00e1rea. O Paran\u00e1 evidenciou o seu grande capital do sistema de ci\u00eancia, tecnologia e inova\u00e7\u00e3o\u201d, disse.<\/p>\n\n\n\n<p>O evento estadual reuniu institui\u00e7\u00f5es p\u00fablicas e privadas de ensino superior e de pesquisa cient\u00edfica e tecnol\u00f3gica, comunidade acad\u00eamico-cient\u00edfica, ambientes promotores de inova\u00e7\u00e3o, gestores e t\u00e9cnicos governamentais e agentes do setor produtivo empresarial. Foram dois dias de intensa programa\u00e7\u00e3o, no campus da Universidade Tecnol\u00f3gica Federal do Paran\u00e1 (UTFPR), em Curitiba, voltada para o fortalecimento da \u00e1rea de CTI.<\/p>\n\n\n\n<p>Para promover as confer\u00eancias estadual e regional, a Seti articulou uma parceria institucional com a Secretaria da Inova\u00e7\u00e3o, Transforma\u00e7\u00e3o e Moderniza\u00e7\u00e3o Digital (SEI), a Funda\u00e7\u00e3o Arauc\u00e1ria de Apoio ao Desenvolvimento Cient\u00edfico e Tecnol\u00f3gico do Paran\u00e1 e a UTFPR. O objetivo \u00e9 impulsionar o desenvolvimento socioecon\u00f4mico sustent\u00e1vel com base no conhecimento.<\/p>\n","protected":false},"excerpt":{"rendered":"<p>Realizado pelo Governo do Estado, por meio da Secretaria da Ci\u00eancia, Tecnologia e Ensino Superior (Seti), o evento antecede a confer\u00eancia regional, que ser\u00e1 sediada pelo Paran\u00e1 nos dias 25 e 26 de abril, com participa\u00e7\u00e3o de representantes do ecossistema de ci\u00eancia, tecnologia e inova\u00e7\u00e3o (CTI) dos tr\u00eas estados do Sul. As propostas levantadas ser\u00e3o [&hellip;]<\/p>\n","protected":false},"author":2,"featured_media":58466,"comment_status":"open","ping_status":"open","sticky":false,"template":"","format":"standard","meta":{"advanced_seo_description":"","jetpack_seo_html_title":"","jetpack_seo_noindex":false,"_jetpack_memberships_contains_paid_content":false,"footnotes":""},"categories":[40],"tags":[],"class_list":{"0":"post-58465","1":"post","2":"type-post","3":"status-publish","4":"format-standard","5":"has-post-thumbnail","7":"category-destaques"},"jetpack_featured_media_url":"https:\/\/www.paranapraia.com.br\/wp-content\/uploads\/2024\/04\/dsc_0292-scaled.jpg","jetpack_sharing_enabled":true,"_links":{"self":[{"href":"https:\/\/www.paranapraia.com.br\/index.php\/wp-json\/wp\/v2\/posts\/58465"}],"collection":[{"href":"https:\/\/www.paranapraia.com.br\/index.php\/wp-json\/wp\/v2\/posts"}],"about":[{"href":"https:\/\/www.paranapraia.com.br\/index.php\/wp-json\/wp\/v2\/types\/post"}],"author":[{"embeddable":true,"href":"https:\/\/www.paranapraia.com.br\/index.php\/wp-json\/wp\/v2\/users\/2"}],"replies":[{"embeddable":true,"href":"https:\/\/www.paranapraia.com.br\/index.php\/wp-json\/wp\/v2\/comments?post=58465"}],"version-history":[{"count":1,"href":"https:\/\/www.paranapraia.com.br\/index.php\/wp-json\/wp\/v2\/posts\/58465\/revisions"}],"predecessor-version":[{"id":58467,"href":"https:\/\/www.paranapraia.com.br\/index.php\/wp-json\/wp\/v2\/posts\/58465\/revisions\/58467"}],"wp:featuredmedia":[{"embeddable":true,"href":"https:\/\/www.paranapraia.com.br\/index.php\/wp-json\/wp\/v2\/media\/58466"}],"wp:attachment":[{"href":"https:\/\/www.paranapraia.com.br\/index.php\/wp-json\/wp\/v2\/media?parent=58465"}],"wp:term":[{"taxonomy":"category","embeddable":true,"href":"https:\/\/www.paranapraia.com.br\/index.php\/wp-json\/wp\/v2\/categories?post=58465"},{"taxonomy":"post_tag","embeddable":true,"href":"https:\/\/www.paranapraia.com.br\/index.php\/wp-json\/wp\/v2\/tags?post=58465"}],"curies":[{"name":"wp","href":"https:\/\/api.w.org\/{rel}","templated":true}]}}