{"id":58462,"date":"2024-03-16T14:53:00","date_gmt":"2024-03-16T17:53:00","guid":{"rendered":"https:\/\/www.paranapraia.com.br\/?p=58462"},"modified":"2024-04-05T14:54:30","modified_gmt":"2024-04-05T17:54:30","slug":"der-pr-assina-contrato-de-r-569-milhoes-para-pavimentacao-de-rodovia-em-doutor-ulysses","status":"publish","type":"post","link":"https:\/\/www.paranapraia.com.br\/index.php\/2024\/03\/16\/der-pr-assina-contrato-de-r-569-milhoes-para-pavimentacao-de-rodovia-em-doutor-ulysses\/","title":{"rendered":"DER\/PR assina contrato de R$ 56,9 milh\u00f5es para pavimenta\u00e7\u00e3o de rodovia em Doutor Ulysses"},"content":{"rendered":"\n<p>O Departamento de Estradas de Rodagem do Paran\u00e1 (DER\/PR), autarquia da Secretaria de Infraestrutura e Log\u00edstica (SEIL), assinou o contrato da obra de pavimenta\u00e7\u00e3o de 11,95 quil\u00f4metros da PR-092 em Doutor Ulysses, no Vale do Ribeira, um investimento de R$ 56.919.000,00.<\/p>\n\n\n\n<p>Est\u00e1 prevista a pavimenta\u00e7\u00e3o de uma pista com 7 metros de largura, sendo uma faixa de 3,5 metros em cada sentido da via, e acostamentos de 1,5 metro em cada lado. Ser\u00e1 implantado o pavimento semirr\u00edgido, que consiste em uma camada de refor\u00e7o do subleito, camadas de base e sub-base em solo cimento (combina\u00e7\u00e3o de solo da regi\u00e3o com cimento), uma camada dupla de ligante asf\u00e1ltico, e uma camada de Concreto Betuminoso Usinado a Quente (CBUQ) de revestimento.<\/p>\n\n\n\n<p>Al\u00e9m de sinaliza\u00e7\u00e3o horizontal e vertical ao longo do trecho pavimentado, tamb\u00e9m ser\u00e3o instaladas defensas met\u00e1licas em todos os pontos mais sinuosos para garantir maior seguran\u00e7a aos usu\u00e1rios.<\/p>\n\n\n\n<p>Tamb\u00e9m est\u00e3o previstos dispositivos de drenagem como sarjetas de concreto, descidas d\u2019\u00e1gua, drenos, bueiros e tamb\u00e9m uma galeria celular para lidar com chuvas e corpos d\u2019\u00e1gua na regi\u00e3o.<\/p>\n\n\n\n<p>Est\u00e3o planejados, ainda, servi\u00e7os complementares, como implanta\u00e7\u00e3o de novos abrigos para parada de \u00f4nibus e enleivamento (plantio de vegeta\u00e7\u00e3o) nas \u00e1reas pr\u00f3ximas \u00e0 rodovia, entre outros.<\/p>\n\n\n\n<p>AEN<\/p>\n","protected":false},"excerpt":{"rendered":"<p>O Departamento de Estradas de Rodagem do Paran\u00e1 (DER\/PR), autarquia da Secretaria de Infraestrutura e Log\u00edstica (SEIL), assinou o contrato da obra de pavimenta\u00e7\u00e3o de 11,95 quil\u00f4metros da PR-092 em Doutor Ulysses, no Vale do Ribeira, um investimento de R$ 56.919.000,00. Est\u00e1 prevista a pavimenta\u00e7\u00e3o de uma pista com 7 metros de largura, sendo uma [&hellip;]<\/p>\n","protected":false},"author":2,"featured_media":58463,"comment_status":"open","ping_status":"open","sticky":false,"template":"","format":"standard","meta":{"advanced_seo_description":"","jetpack_seo_html_title":"","jetpack_seo_noindex":false,"_jetpack_memberships_contains_paid_content":false,"footnotes":""},"categories":[40],"tags":[],"class_list":{"0":"post-58462","1":"post","2":"type-post","3":"status-publish","4":"format-standard","5":"has-post-thumbnail","7":"category-destaques"},"jetpack_featured_media_url":"https:\/\/www.paranapraia.com.br\/wp-content\/uploads\/2024\/04\/pr-092_entre_doutor_ulysses_e_cerro_azul_02_0-scaled.jpg","jetpack_sharing_enabled":true,"_links":{"self":[{"href":"https:\/\/www.paranapraia.com.br\/index.php\/wp-json\/wp\/v2\/posts\/58462"}],"collection":[{"href":"https:\/\/www.paranapraia.com.br\/index.php\/wp-json\/wp\/v2\/posts"}],"about":[{"href":"https:\/\/www.paranapraia.com.br\/index.php\/wp-json\/wp\/v2\/types\/post"}],"author":[{"embeddable":true,"href":"https:\/\/www.paranapraia.com.br\/index.php\/wp-json\/wp\/v2\/users\/2"}],"replies":[{"embeddable":true,"href":"https:\/\/www.paranapraia.com.br\/index.php\/wp-json\/wp\/v2\/comments?post=58462"}],"version-history":[{"count":1,"href":"https:\/\/www.paranapraia.com.br\/index.php\/wp-json\/wp\/v2\/posts\/58462\/revisions"}],"predecessor-version":[{"id":58464,"href":"https:\/\/www.paranapraia.com.br\/index.php\/wp-json\/wp\/v2\/posts\/58462\/revisions\/58464"}],"wp:featuredmedia":[{"embeddable":true,"href":"https:\/\/www.paranapraia.com.br\/index.php\/wp-json\/wp\/v2\/media\/58463"}],"wp:attachment":[{"href":"https:\/\/www.paranapraia.com.br\/index.php\/wp-json\/wp\/v2\/media?parent=58462"}],"wp:term":[{"taxonomy":"category","embeddable":true,"href":"https:\/\/www.paranapraia.com.br\/index.php\/wp-json\/wp\/v2\/categories?post=58462"},{"taxonomy":"post_tag","embeddable":true,"href":"https:\/\/www.paranapraia.com.br\/index.php\/wp-json\/wp\/v2\/tags?post=58462"}],"curies":[{"name":"wp","href":"https:\/\/api.w.org\/{rel}","templated":true}]}}