{"id":58459,"date":"2024-03-15T14:49:00","date_gmt":"2024-03-15T17:49:00","guid":{"rendered":"https:\/\/www.paranapraia.com.br\/?p=58459"},"modified":"2024-04-05T14:52:27","modified_gmt":"2024-04-05T17:52:27","slug":"parana-vira-cenario-de-serie-espanhola-que-divulga-cenarios-paradisiacos","status":"publish","type":"post","link":"https:\/\/www.paranapraia.com.br\/index.php\/2024\/03\/15\/parana-vira-cenario-de-serie-espanhola-que-divulga-cenarios-paradisiacos\/","title":{"rendered":"Paran\u00e1 vira cen\u00e1rio de s\u00e9rie espanhola que divulga cen\u00e1rios paradis\u00edacos"},"content":{"rendered":"\n<p>A equipe de uma produtora espanhola terminou nesta semana a capta\u00e7\u00e3o de imagens tur\u00edsticas do Paran\u00e1 para uma s\u00e9rie que tem transmiss\u00e3o em canais de streaming. Com apoio da Secretaria de Estado do Turismo e do Viaje Paran\u00e1, roteiros tur\u00edsticos dos Campos Gerais, Litoral e Capital foram filmados pela Tanita Films e Descubrir Tours (ag\u00eancia especializada em viagens de aventura sustent\u00e1veis).<\/p>\n\n\n\n<p>A s\u00e9rie \u201cDESCUBRIR\u201d estreou em 2017 e j\u00e1 publicou 14 epis\u00f3dios. A proposta \u00e9 mostrar aos turistas viagens sustent\u00e1veis para diversos mercados. Ela j\u00e1 passou por&nbsp;Sri Lanka, Nam\u00edbia, Indon\u00e9sia, China, \u00cdndia e Equador. A s\u00e9rie \u00e9 transmitida em plataformas como Amazon Prime Video, RTVE, FOX, AT&amp;T, PBS, Comcast, e Viacom.<\/p>\n\n\n\n<p>\u201c\u00c9 a primeira vez que recebemos uma produtora da Espanha. Queremos que esse interesse pelo Estado s\u00f3 aumente\u201d, disse o secret\u00e1rio do Turismo do Paran\u00e1, M\u00e1rcio Nunes.<\/p>\n\n\n\n<p>O apresentador Jes\u00fas Del Caso e equipe chegaram ao Paran\u00e1 na \u00faltima quarta-feira (27) pelo Aeroporto Internacional de Foz do Igua\u00e7u e depois visitaram Curitiba. Na quinta-feira (28), o roteiro de grava\u00e7\u00f5es teve in\u00edcio nos Campos Gerais, nos destinos Parque Vila Velha, Buraco do Padre e o vilarejo holand\u00eas Het Dorp, localizado em Carambe\u00ed, e que abriga o famoso campo de lavanda e produtos feitos da planta.\u00a0O jantar foi no Largo da Ordem, no Centro Hist\u00f3rico da Capital.<\/p>\n\n\n\n<p>AEN<\/p>\n","protected":false},"excerpt":{"rendered":"<p>A equipe de uma produtora espanhola terminou nesta semana a capta\u00e7\u00e3o de imagens tur\u00edsticas do Paran\u00e1 para uma s\u00e9rie que tem transmiss\u00e3o em canais de streaming. Com apoio da Secretaria de Estado do Turismo e do Viaje Paran\u00e1, roteiros tur\u00edsticos dos Campos Gerais, Litoral e Capital foram filmados pela Tanita Films e Descubrir Tours (ag\u00eancia [&hellip;]<\/p>\n","protected":false},"author":2,"featured_media":58460,"comment_status":"open","ping_status":"open","sticky":false,"template":"","format":"standard","meta":{"advanced_seo_description":"","jetpack_seo_html_title":"","jetpack_seo_noindex":false,"_jetpack_memberships_contains_paid_content":false,"footnotes":""},"categories":[40],"tags":[],"class_list":{"0":"post-58459","1":"post","2":"type-post","3":"status-publish","4":"format-standard","5":"has-post-thumbnail","7":"category-destaques"},"jetpack_featured_media_url":"https:\/\/www.paranapraia.com.br\/wp-content\/uploads\/2024\/04\/whatsapp_image_2024-04-01_at_17.26.32-scaled.jpg","jetpack_sharing_enabled":true,"_links":{"self":[{"href":"https:\/\/www.paranapraia.com.br\/index.php\/wp-json\/wp\/v2\/posts\/58459"}],"collection":[{"href":"https:\/\/www.paranapraia.com.br\/index.php\/wp-json\/wp\/v2\/posts"}],"about":[{"href":"https:\/\/www.paranapraia.com.br\/index.php\/wp-json\/wp\/v2\/types\/post"}],"author":[{"embeddable":true,"href":"https:\/\/www.paranapraia.com.br\/index.php\/wp-json\/wp\/v2\/users\/2"}],"replies":[{"embeddable":true,"href":"https:\/\/www.paranapraia.com.br\/index.php\/wp-json\/wp\/v2\/comments?post=58459"}],"version-history":[{"count":1,"href":"https:\/\/www.paranapraia.com.br\/index.php\/wp-json\/wp\/v2\/posts\/58459\/revisions"}],"predecessor-version":[{"id":58461,"href":"https:\/\/www.paranapraia.com.br\/index.php\/wp-json\/wp\/v2\/posts\/58459\/revisions\/58461"}],"wp:featuredmedia":[{"embeddable":true,"href":"https:\/\/www.paranapraia.com.br\/index.php\/wp-json\/wp\/v2\/media\/58460"}],"wp:attachment":[{"href":"https:\/\/www.paranapraia.com.br\/index.php\/wp-json\/wp\/v2\/media?parent=58459"}],"wp:term":[{"taxonomy":"category","embeddable":true,"href":"https:\/\/www.paranapraia.com.br\/index.php\/wp-json\/wp\/v2\/categories?post=58459"},{"taxonomy":"post_tag","embeddable":true,"href":"https:\/\/www.paranapraia.com.br\/index.php\/wp-json\/wp\/v2\/tags?post=58459"}],"curies":[{"name":"wp","href":"https:\/\/api.w.org\/{rel}","templated":true}]}}