{"id":58414,"date":"2024-04-03T12:26:32","date_gmt":"2024-04-03T15:26:32","guid":{"rendered":"https:\/\/www.paranapraia.com.br\/?p=58414"},"modified":"2024-04-22T09:21:36","modified_gmt":"2024-04-22T12:21:36","slug":"trofeu-gil-rocha-sera-entregue-ao-campeao-paranaense-em-transmissao-da-parana-turismo","status":"publish","type":"post","link":"https:\/\/www.paranapraia.com.br\/index.php\/2024\/04\/03\/trofeu-gil-rocha-sera-entregue-ao-campeao-paranaense-em-transmissao-da-parana-turismo\/","title":{"rendered":"Trof\u00e9u Gil Rocha ser\u00e1 entregue ao campe\u00e3o paranaense em transmiss\u00e3o da Paran\u00e1 Turismo"},"content":{"rendered":"\n<p>Neste s\u00e1bado, 6 de abril, ser\u00e1 definido o campe\u00e3o paranaense de futebol de 2024. Athletico e Maring\u00e1 disputam a partida decisiva para saber quem levanta o Trof\u00e9u Gil Rocha. A ta\u00e7a, homenagem da Federa\u00e7\u00e3o Paranaense de Futebol (FPF) ao jornalista e grande entusiasta do esporte paranaense, que faleceu em junho de 2023, aos 63 anos, foi apresentada quarta-feira (4) em evento no Canal da M\u00fasica que contou com a participa\u00e7\u00e3o do vice-governador Darci Piana.<\/p>\n\n\n\n<p>A decis\u00e3o entre Furac\u00e3o e Dog\u00e3o \u00e0s 17 horas, na Ligga Arena, ter\u00e1 transmiss\u00e3o pela TV Paran\u00e1 Turismo para todo o Estado, incluindo Curitiba e Regi\u00e3o Metropolitana (canal 9.1 da TV Aberta em Curitiba e Regi\u00e3o Metropolitana, canal 509 na Claro\/NET, canal 66 da Sky TVRO, al\u00e9m das antenas parab\u00f3licas).<\/p>\n\n\n\n<p>Na cerim\u00f4nia em homenagem a Gil Rocha, o secret\u00e1rio de Estado da Comunica\u00e7\u00e3o, Cleber Mata, comentou a boa audi\u00eancia conquistada na primeira transmiss\u00e3o do Estadual na TV Paran\u00e1 Turismo. \u201cO projeto come\u00e7ou l\u00e1 atr\u00e1s e a gente j\u00e1 sabia que ia dar certo. Come\u00e7amos com o campeonato amador e deu t\u00e3o certo que decidimos provocar a Federa\u00e7\u00e3o a fim de obter a autoriza\u00e7\u00e3o dos clubes para transmitir tamb\u00e9m a Primeira Divis\u00e3o\u201d, recordou.<\/p>\n\n\n\n<p>\u201cDeu t\u00e3o certo que nessa semana j\u00e1 tivemos a primeira reuni\u00e3o para discutirmos a transmiss\u00e3o de 2025\u201d, complementou Mata. Ele afirmou que a transmiss\u00e3o feita pelo poder p\u00fablico enfatiza que o futebol faz parte da cultura brasileira. \u201cEstamos muito empolgados com essa nova fase do futebol na TV Paran\u00e1 Turismo\u201d.<\/p>\n\n\n\n<p>Para o presidente da FPF, H\u00e9lio Cury Filho, o Campeonato Paranaense de 2024 foi sucesso de p\u00fablico tanto nos est\u00e1dios como nas transmiss\u00f5es, principalmente pela iniciativa da Paran\u00e1 Turismo em transmitir a disputa na TV aberta. \u201cEstamos tendo \u00f3timos n\u00fameros tanto no streaming quanto na TV aberta, batendo recordes\u201d, refor\u00e7ou o dirigente.<\/p>\n\n\n\n<p><strong>GIL ROCHA&nbsp;<\/strong>\u2013 Cleber Mata enfatizou que a homenagem com o nome de Gil Rocha ao trof\u00e9u do Campeonato Paranaense \u00e9 mais do que justa. O secret\u00e1rio lembrou a dedica\u00e7\u00e3o do jornalista em divulgar o futebol do Estado. \u201cEssa \u00e9 uma homenagem contagiante a um entusiasta do futebol paranaense, que tinha muita sensibilidade em acreditar nos atletas do Estado. Por isso, para n\u00f3s da TV Paran\u00e1 Turismo e do Governo do Estado, \u00e9 uma honra estar aqui prestando essa homenagem ao Gil Rocha\u201d, salientou.<\/p>\n\n\n\n<p>O presidente da Federa\u00e7\u00e3o Paranaense de Futebol considera uma obriga\u00e7\u00e3o do futebol paranaense a homenagem ao jornalista, que atuou na Rede Paranaense de Televis\u00e3o, r\u00e1dios Banda B e CBN, entre outros ve\u00edculos do Estado. \u201cO Gil Rocha sempre lutou pelo futebol paranaense, pelas transmiss\u00f5es, por dar destaque ao nosso Campeonato Paranaense. Ali\u00e1s, ele n\u00e3o era um entusiasta s\u00f3 do futebol paranaense, mas de todo o esporte do Estado\u201d, destacou.<\/p>\n\n\n\n<p>A fam\u00edlia do jornalista tamb\u00e9m participou da homenagem na apresenta\u00e7\u00e3o do trof\u00e9u na noite desta quarta-feira. Para a tamb\u00e9m jornalista Ana Zimmermann, o reconhecimento se deve a tantos anos de luta pelo esporte paranaense. \u201cO Gil sempre lutou para que nossos times e nosso campeonato fossem vistos pelo p\u00fablico. E tem esse reconhecimento justamente de quem faz o Campeonato Paranaense. Agora vamos ver quem leva o trof\u00e9u na Arena\u201d, disse.<\/p>\n\n\n\n<p><strong>QUEM LEVA\u00a0<\/strong>\u2013No primeiro jogo decisivo, em Maring\u00e1, no \u00faltimo s\u00e1bado (30), o Athletico venceu por 1 a 0, gol de falta do atacante Pablo. Agora, o Furac\u00e3o joga com a vantagem do empate para conquistar o 28\u00ba t\u00edtulo paranaense justamente no ano de seu centen\u00e1rio. O Maring\u00e1, por sua vez, leva a decis\u00e3o para os p\u00eanaltis se vencer a partida pela diferen\u00e7a de um gol. Mas se vencer por diferen\u00e7a de dois gols ou mais, o Dog\u00e3o conquistar\u00e1 o Estadual pela primeira vez.<\/p>\n\n\n\n<p>AEN<\/p>\n","protected":false},"excerpt":{"rendered":"<p>Neste s\u00e1bado, 6 de abril, ser\u00e1 definido o campe\u00e3o paranaense de futebol de 2024. Athletico e Maring\u00e1 disputam a partida decisiva para saber quem levanta o Trof\u00e9u Gil Rocha. A ta\u00e7a, homenagem da Federa\u00e7\u00e3o Paranaense de Futebol (FPF) ao jornalista e grande entusiasta do esporte paranaense, que faleceu em junho de 2023, aos 63 anos, [&hellip;]<\/p>\n","protected":false},"author":2,"featured_media":58415,"comment_status":"open","ping_status":"open","sticky":false,"template":"","format":"standard","meta":{"advanced_seo_description":"","jetpack_seo_html_title":"","jetpack_seo_noindex":false,"_jetpack_memberships_contains_paid_content":false,"footnotes":""},"categories":[40],"tags":[406],"class_list":{"0":"post-58414","1":"post","2":"type-post","3":"status-publish","4":"format-standard","5":"has-post-thumbnail","7":"category-destaques","8":"tag-curitiba"},"jetpack_featured_media_url":"https:\/\/www.paranapraia.com.br\/wp-content\/uploads\/2024\/04\/2024-04-03_19h50-39_robson_mafra-scaled.jpg","jetpack_sharing_enabled":true,"_links":{"self":[{"href":"https:\/\/www.paranapraia.com.br\/index.php\/wp-json\/wp\/v2\/posts\/58414"}],"collection":[{"href":"https:\/\/www.paranapraia.com.br\/index.php\/wp-json\/wp\/v2\/posts"}],"about":[{"href":"https:\/\/www.paranapraia.com.br\/index.php\/wp-json\/wp\/v2\/types\/post"}],"author":[{"embeddable":true,"href":"https:\/\/www.paranapraia.com.br\/index.php\/wp-json\/wp\/v2\/users\/2"}],"replies":[{"embeddable":true,"href":"https:\/\/www.paranapraia.com.br\/index.php\/wp-json\/wp\/v2\/comments?post=58414"}],"version-history":[{"count":1,"href":"https:\/\/www.paranapraia.com.br\/index.php\/wp-json\/wp\/v2\/posts\/58414\/revisions"}],"predecessor-version":[{"id":58416,"href":"https:\/\/www.paranapraia.com.br\/index.php\/wp-json\/wp\/v2\/posts\/58414\/revisions\/58416"}],"wp:featuredmedia":[{"embeddable":true,"href":"https:\/\/www.paranapraia.com.br\/index.php\/wp-json\/wp\/v2\/media\/58415"}],"wp:attachment":[{"href":"https:\/\/www.paranapraia.com.br\/index.php\/wp-json\/wp\/v2\/media?parent=58414"}],"wp:term":[{"taxonomy":"category","embeddable":true,"href":"https:\/\/www.paranapraia.com.br\/index.php\/wp-json\/wp\/v2\/categories?post=58414"},{"taxonomy":"post_tag","embeddable":true,"href":"https:\/\/www.paranapraia.com.br\/index.php\/wp-json\/wp\/v2\/tags?post=58414"}],"curies":[{"name":"wp","href":"https:\/\/api.w.org\/{rel}","templated":true}]}}