{"id":58401,"date":"2024-04-02T11:05:57","date_gmt":"2024-04-02T14:05:57","guid":{"rendered":"https:\/\/www.paranapraia.com.br\/?p=58401"},"modified":"2024-04-02T11:05:59","modified_gmt":"2024-04-02T14:05:59","slug":"governo-do-estado-promove-mutirao-em-abril-para-emissao-da-carteirinha-do-autista","status":"publish","type":"post","link":"https:\/\/www.paranapraia.com.br\/index.php\/2024\/04\/02\/governo-do-estado-promove-mutirao-em-abril-para-emissao-da-carteirinha-do-autista\/","title":{"rendered":"Governo do Estado promove mutir\u00e3o em abril para emiss\u00e3o da Carteirinha do Autista"},"content":{"rendered":"\n<p>Para marcar o m\u00eas de abril e o Dia Internacional da Conscientiza\u00e7\u00e3o sobre o Autismo (2 de abril), o Governo do Paran\u00e1 promove a partir desta ter\u00e7a-feira mutir\u00f5es em todo o Estado para a confec\u00e7\u00e3o da Carteirinha do Autista, a Ciptea (Carteira de Identifica\u00e7\u00e3o da Pessoa com Transtorno do Espectro Autista). As a\u00e7\u00f5es ocorrer\u00e3o de forma regionalizada nos escrit\u00f3rios e inst\u00e2ncias avan\u00e7adas da Secretaria do Desenvolvimento Social e Fam\u00edlia, respons\u00e1vel pela elabora\u00e7\u00e3o de pol\u00edticas p\u00fablicas e garantia de direitos para as pessoas com defici\u00eancia.<\/p>\n\n\n\n<p>A Ciptea garante o atendimento priorit\u00e1rio em espa\u00e7os p\u00fablicos e privados e oferece a identifica\u00e7\u00e3o das pessoas com transtorno do espectro autista. \u201cAl\u00e9m de todas essas fun\u00e7\u00f5es, a Ciptea \u00e9 essencial para a coleta de dados e informa\u00e7\u00f5es sobre a \u00e1rea. Sem n\u00fameros espec\u00edficos, a elabora\u00e7\u00e3o de pol\u00edticas p\u00fablicas fica comprometida, e \u00e9 isso que queremos encontrar, formas de sermos assertivos em nossas a\u00e7\u00f5es\u201d, destacou o secret\u00e1rio do Desenvolvimento Social e Fam\u00edlia (Sedef), Rog\u00e9rio Carboni.<\/p>\n\n\n\n<p>Os mutir\u00f5es tamb\u00e9m ocorrer\u00e3o nos Centros de Refer\u00eancia da Assist\u00eancia Social (CRAS), em aproximadamente 200 munic\u00edpios. A Coordena\u00e7\u00e3o da Garantia de Direitos das Pessoas com Defici\u00eancia realizou um levantamento pr\u00e9vio de pessoas que j\u00e1 possuem laudo e que ainda n\u00e3o possuem o documento. Ao todo, devem ser emitidas mais de duas mil carteirinhas no m\u00eas.<\/p>\n\n\n\n<p>Para o diretor de Pol\u00edticas para Fam\u00edlia da pasta, Ronaldo Olmo, essa parceria garantir\u00e1 que as a\u00e7\u00f5es atendam as pessoas que precisam n\u00e3o apenas do documento, mas tamb\u00e9m de orienta\u00e7\u00f5es. \u201cRealizamos uma capacita\u00e7\u00e3o para os nossos t\u00e9cnicos sobre diversos aspectos do Transtorno do Espectro Autista e todos receberam orienta\u00e7\u00f5es de como trabalhar com as fam\u00edlias, as documenta\u00e7\u00f5es necess\u00e1rias para a emiss\u00e3o do documento e como ela funciona\u201d, explicou.<\/p>\n\n\n\n<p>Os n\u00fameros de confec\u00e7\u00e3o da Ciptea est\u00e3o crescendo ano ap\u00f3s ano. De 2022 para 2023, por exemplo, o crescimento foi de 214%, de 3.868 para 12.175. Atualmente, 18.418 pessoas j\u00e1 possuem o documento no Paran\u00e1.<\/p>\n\n\n\n<p>Lu\u00edsa Sampaio recebeu o diagn\u00f3stico de autismo na vida adulta, aos 24 anos. Ap\u00f3s se aprofundar no assunto e entender melhor do que se tratava, pesquisou tamb\u00e9m quais eram seus direitos. Foi a\u00ed que solicitou a Carteira de Identifica\u00e7\u00e3o da Pessoa com Transtorno do Espectro Autista. Ela se surpreendeu com a agilidade do processo para obter a carteirinha, que pode ser solicitada de forma 100% online.<\/p>\n\n\n\n<p>\u201cFiquei muito surpresa com a celeridade de todo o processo. Entrei no site, dizia que receberia em at\u00e9 30 dias, mas em dois dias j\u00e1 recebi o alerta de que estava pronta. Foi tudo digital, anexei os documentos, recebi um n\u00famero do protocolo e j\u00e1 fui alertada que poderia imprimir,\u201d disse.<\/p>\n\n\n\n<p>Lu\u00edsa destaca outro ponto que chamou sua aten\u00e7\u00e3o: a seguran\u00e7a do documento. \u201cQuando estava vendo as informa\u00e7\u00f5es que estariam dispon\u00edveis na carteirinha, vi que tinha um QR Code que direcionava para o laudo m\u00e9dico. No in\u00edcio fiquei receosa, se qualquer um poderia apontar o celular e ver o documento, mas n\u00e3o \u00e9 assim. \u00c9 preciso que eu autorize essa visualiza\u00e7\u00e3o. Estou muito feliz e uso a minha carteirinha para a garantia dos meus direitos e como um documento pessoal\u201d, avaliou.<\/p>\n\n\n\n<p>Regulamentada por lei federal, a Ciptea \u00e9 gratuita e traz ainda dados e informa\u00e7\u00f5es tanto da pessoa com o espectro autista como de seus respons\u00e1veis. Todos os paranaenses que possuem TEA podem solicitar a Carteira no site&nbsp;<strong><a href=\"https:\/\/www.passelivre.pr.gov.br\/dhcpasselivre\/login.do?action=carregarLogin&amp;caut=true\" target=\"_blank\" rel=\"noreferrer noopener\">www.carteiradoautista.pr.gov.br<\/a><\/strong>. Ap\u00f3s an\u00e1lise e aprova\u00e7\u00e3o do cadastro, o usu\u00e1rio receber\u00e1 mensagem por e-mail ou SMS para imprimi-la.<\/p>\n\n\n\n<p><strong>Documentos necess\u00e1rios para a solicita\u00e7\u00e3o da Carteira do Autista:<\/strong><\/p>\n\n\n\n<p>&#8211; RG, CPF do autista.<\/p>\n\n\n\n<p>&#8211; RG, CPF do respons\u00e1vel.<\/p>\n\n\n\n<p>&#8211; Fotografia do autista digitalizada, e deve ser o mais recente poss\u00edvel. Ser\u00e3o aceitas apenas fotos nas propor\u00e7\u00f5es usadas para documentos e com boa resolu\u00e7\u00e3o para impress\u00e3o.<\/p>\n\n\n\n<p>&#8211; Laudo M\u00e9dico digitalizado. O laudo deve conter os dados do paciente, a Classifica\u00e7\u00e3o Internacional de Doen\u00e7as e Problemas Relacionados a Sa\u00fade (CID) e assinatura e carimbo de identifica\u00e7\u00e3o com CRM do m\u00e9dico respons\u00e1vel.<\/p>\n\n\n\n<p>&#8211; Exame de Tipo Sangu\u00edneo digitalizado.<\/p>\n\n\n\n<p>AEN<\/p>\n","protected":false},"excerpt":{"rendered":"<p>Para marcar o m\u00eas de abril e o Dia Internacional da Conscientiza\u00e7\u00e3o sobre o Autismo (2 de abril), o Governo do Paran\u00e1 promove a partir desta ter\u00e7a-feira mutir\u00f5es em todo o Estado para a confec\u00e7\u00e3o da Carteirinha do Autista, a Ciptea (Carteira de Identifica\u00e7\u00e3o da Pessoa com Transtorno do Espectro Autista). As a\u00e7\u00f5es ocorrer\u00e3o de [&hellip;]<\/p>\n","protected":false},"author":2,"featured_media":58402,"comment_status":"open","ping_status":"open","sticky":false,"template":"","format":"standard","meta":{"advanced_seo_description":"","jetpack_seo_html_title":"","jetpack_seo_noindex":false,"_jetpack_memberships_contains_paid_content":false,"footnotes":""},"categories":[40],"tags":[319],"class_list":{"0":"post-58401","1":"post","2":"type-post","3":"status-publish","4":"format-standard","5":"has-post-thumbnail","7":"category-destaques","8":"tag-parana"},"jetpack_featured_media_url":"https:\/\/www.paranapraia.com.br\/wp-content\/uploads\/2024\/04\/cordao_autismo_foto_rdziura-7577-scaled.jpg","jetpack_sharing_enabled":true,"_links":{"self":[{"href":"https:\/\/www.paranapraia.com.br\/index.php\/wp-json\/wp\/v2\/posts\/58401"}],"collection":[{"href":"https:\/\/www.paranapraia.com.br\/index.php\/wp-json\/wp\/v2\/posts"}],"about":[{"href":"https:\/\/www.paranapraia.com.br\/index.php\/wp-json\/wp\/v2\/types\/post"}],"author":[{"embeddable":true,"href":"https:\/\/www.paranapraia.com.br\/index.php\/wp-json\/wp\/v2\/users\/2"}],"replies":[{"embeddable":true,"href":"https:\/\/www.paranapraia.com.br\/index.php\/wp-json\/wp\/v2\/comments?post=58401"}],"version-history":[{"count":1,"href":"https:\/\/www.paranapraia.com.br\/index.php\/wp-json\/wp\/v2\/posts\/58401\/revisions"}],"predecessor-version":[{"id":58403,"href":"https:\/\/www.paranapraia.com.br\/index.php\/wp-json\/wp\/v2\/posts\/58401\/revisions\/58403"}],"wp:featuredmedia":[{"embeddable":true,"href":"https:\/\/www.paranapraia.com.br\/index.php\/wp-json\/wp\/v2\/media\/58402"}],"wp:attachment":[{"href":"https:\/\/www.paranapraia.com.br\/index.php\/wp-json\/wp\/v2\/media?parent=58401"}],"wp:term":[{"taxonomy":"category","embeddable":true,"href":"https:\/\/www.paranapraia.com.br\/index.php\/wp-json\/wp\/v2\/categories?post=58401"},{"taxonomy":"post_tag","embeddable":true,"href":"https:\/\/www.paranapraia.com.br\/index.php\/wp-json\/wp\/v2\/tags?post=58401"}],"curies":[{"name":"wp","href":"https:\/\/api.w.org\/{rel}","templated":true}]}}