{"id":58398,"date":"2024-04-02T11:02:08","date_gmt":"2024-04-02T14:02:08","guid":{"rendered":"https:\/\/www.paranapraia.com.br\/?p=58398"},"modified":"2024-04-02T11:02:10","modified_gmt":"2024-04-02T14:02:10","slug":"nesta-quarta-maior-mutirao-de-empregos-do-ano-vai-ofertar-5-mil-vagas-para-curitiba-e-rmc","status":"publish","type":"post","link":"https:\/\/www.paranapraia.com.br\/index.php\/2024\/04\/02\/nesta-quarta-maior-mutirao-de-empregos-do-ano-vai-ofertar-5-mil-vagas-para-curitiba-e-rmc\/","title":{"rendered":"Nesta quarta: maior mutir\u00e3o de empregos do ano vai ofertar 5 mil vagas para Curitiba e RMC"},"content":{"rendered":"\n<p>O Governo do Estado, por meio da Secretaria do Trabalho, Qualifica\u00e7\u00e3o e Renda, promove nesta quarta-feira (3) o mutir\u00e3o Emprega Mais Curitiba, com 5 mil vagas para coloca\u00e7\u00f5es no mercado de trabalho da Capital e Regi\u00e3o Metropolitana, com carteira assinada. A a\u00e7\u00e3o de empregabilidade, a maior realizada no Paran\u00e1 desde o in\u00edcio do ano, conta com a participa\u00e7\u00e3o de 100 empresas, que far\u00e3o o processo de recrutamento entre 9h e 16h na Pra\u00e7a Rui Barbosa, na Capital.&nbsp;<\/p>\n\n\n\n<p>Para participar das entrevistas, os candidatos devem retirar a senha de atendimento entre 8h e 13h. Os interessados tamb\u00e9m precisam comparecer ao evento portando documentos pessoais e a carteira de trabalho, tanto f\u00edsica quanto digital.&nbsp;<\/p>\n\n\n\n<p>O mutir\u00e3o re\u00fane empresas com oferta de vagas em diversos segmentos da economia, como ind\u00fastria, com\u00e9rcio e servi\u00e7os. Para algumas oportunidades n\u00e3o h\u00e1 exig\u00eancia de experi\u00eancia. Tamb\u00e9m h\u00e1 oferta de trabalho em todos os n\u00edveis de escolaridade.<\/p>\n\n\n\n<p>&#8220;A edi\u00e7\u00e3o do Emprega Mais Curitiba na Pra\u00e7a Rui Barbosa foi pensada para recoloca\u00e7\u00e3o de trabalhadores da Grande Curitiba, levando em considera\u00e7\u00e3o que muitos munic\u00edpios da regi\u00e3o t\u00eam pessoas que buscam emprego para ocupa\u00e7\u00f5es espec\u00edficas, dispon\u00edveis apenas na Capital&#8221;, disse o secret\u00e1rio de Estado do Trabalho, Qualifica\u00e7\u00e3o e Renda, Mauro Moraes.&nbsp;<\/p>\n\n\n\n<p>Segundo ele, o local escolhido para receber a segunda edi\u00e7\u00e3o do Emprega Mais Curitiba de 2024 \u00e9 de f\u00e1cil acesso para moradores de todos os bairros da Capital e tamb\u00e9m da RMC. \u201cInclusive, os trabalhadores podem fazer uso do\u00a0<a href=\"https:\/\/www.amep.pr.gov.br\/cartaosocial\" target=\"_blank\" rel=\"noreferrer noopener\">Cart\u00e3o Social<\/a>, oferecido pelo Governo do Estado para quem est\u00e1 em busca de emprego na Grande Curitiba\u201d, enfatiza Moraes. O benef\u00edcio garante ao cidad\u00e3o desempregado e cadastrado no Cad\u00danico R$ 242 em passagens de \u00f4nibus para uso em linhas metropolitanas.\u00a0<\/p>\n\n\n\n<p>AEN<\/p>\n","protected":false},"excerpt":{"rendered":"<p>O Governo do Estado, por meio da Secretaria do Trabalho, Qualifica\u00e7\u00e3o e Renda, promove nesta quarta-feira (3) o mutir\u00e3o Emprega Mais Curitiba, com 5 mil vagas para coloca\u00e7\u00f5es no mercado de trabalho da Capital e Regi\u00e3o Metropolitana, com carteira assinada. A a\u00e7\u00e3o de empregabilidade, a maior realizada no Paran\u00e1 desde o in\u00edcio do ano, conta [&hellip;]<\/p>\n","protected":false},"author":2,"featured_media":58399,"comment_status":"open","ping_status":"open","sticky":false,"template":"","format":"standard","meta":{"advanced_seo_description":"","jetpack_seo_html_title":"","jetpack_seo_noindex":false,"_jetpack_memberships_contains_paid_content":false,"footnotes":""},"categories":[40],"tags":[406],"class_list":{"0":"post-58398","1":"post","2":"type-post","3":"status-publish","4":"format-standard","5":"has-post-thumbnail","7":"category-destaques","8":"tag-curitiba"},"jetpack_featured_media_url":"https:\/\/www.paranapraia.com.br\/wp-content\/uploads\/2024\/04\/01-scaled.jpg","jetpack_sharing_enabled":true,"_links":{"self":[{"href":"https:\/\/www.paranapraia.com.br\/index.php\/wp-json\/wp\/v2\/posts\/58398"}],"collection":[{"href":"https:\/\/www.paranapraia.com.br\/index.php\/wp-json\/wp\/v2\/posts"}],"about":[{"href":"https:\/\/www.paranapraia.com.br\/index.php\/wp-json\/wp\/v2\/types\/post"}],"author":[{"embeddable":true,"href":"https:\/\/www.paranapraia.com.br\/index.php\/wp-json\/wp\/v2\/users\/2"}],"replies":[{"embeddable":true,"href":"https:\/\/www.paranapraia.com.br\/index.php\/wp-json\/wp\/v2\/comments?post=58398"}],"version-history":[{"count":1,"href":"https:\/\/www.paranapraia.com.br\/index.php\/wp-json\/wp\/v2\/posts\/58398\/revisions"}],"predecessor-version":[{"id":58400,"href":"https:\/\/www.paranapraia.com.br\/index.php\/wp-json\/wp\/v2\/posts\/58398\/revisions\/58400"}],"wp:featuredmedia":[{"embeddable":true,"href":"https:\/\/www.paranapraia.com.br\/index.php\/wp-json\/wp\/v2\/media\/58399"}],"wp:attachment":[{"href":"https:\/\/www.paranapraia.com.br\/index.php\/wp-json\/wp\/v2\/media?parent=58398"}],"wp:term":[{"taxonomy":"category","embeddable":true,"href":"https:\/\/www.paranapraia.com.br\/index.php\/wp-json\/wp\/v2\/categories?post=58398"},{"taxonomy":"post_tag","embeddable":true,"href":"https:\/\/www.paranapraia.com.br\/index.php\/wp-json\/wp\/v2\/tags?post=58398"}],"curies":[{"name":"wp","href":"https:\/\/api.w.org\/{rel}","templated":true}]}}