{"id":58356,"date":"2024-03-27T11:57:25","date_gmt":"2024-03-27T14:57:25","guid":{"rendered":"https:\/\/www.paranapraia.com.br\/?p=58356"},"modified":"2024-03-27T11:57:27","modified_gmt":"2024-03-27T14:57:27","slug":"merenda-escolar-tem-aprovacao-superior-a-84-entre-os-estudantes-e-pais-no-parana","status":"publish","type":"post","link":"https:\/\/www.paranapraia.com.br\/index.php\/2024\/03\/27\/merenda-escolar-tem-aprovacao-superior-a-84-entre-os-estudantes-e-pais-no-parana\/","title":{"rendered":"Merenda escolar tem aprova\u00e7\u00e3o superior a 84% entre os estudantes e pais no Paran\u00e1"},"content":{"rendered":"\n<p>A qualidade da merenda escolar ofertada em toda a rede estadual \u00e9 amplamente aprovada por pais e alunos. A pesquisa de satisfa\u00e7\u00e3o feita pelo Instituto Paran\u00e1 Pesquisas aponta que 89,5% dos alunos do ensino fundamental, 84,4% dos estudantes do m\u00e9dio e 89% dos pais e respons\u00e1veis aprovam a alimenta\u00e7\u00e3o oferecida nas 2,2 mil escolas. A sondagem tamb\u00e9m aponta que&nbsp;<a href=\"https:\/\/www.aen.pr.gov.br\/Noticia\/Mais-de-90-de-pais-e-estudantes-estao-satisfeitos-com-rede-estadual-de-educacao\" target=\"_blank\" rel=\"noreferrer noopener\">mais de 90% dos pais e alunos est\u00e3o satisfeitos com a rede estadual<\/a>.<\/p>\n\n\n\n<p>A merenda envolve tr\u00eas refei\u00e7\u00f5es por turno no Paran\u00e1, uma mudan\u00e7a implementada a partir do programa Mais Merenda, em 2022.&nbsp;As escolas servem desde ent\u00e3o um lanche na entrada e outro na sa\u00edda de cada turno, al\u00e9m das refei\u00e7\u00f5es j\u00e1 oferecidas. Considerando os 200 dias letivos, foram ofertados, apenas em 2023, 154 milh\u00f5es de lanches. Essa expans\u00e3o&nbsp;foi bem recebida por 53,7% dos pais, que relatam na pesquisa uma melhora no atendimento.<\/p>\n\n\n\n<p>Em 2023, a rede estadual adquiriu mais de 30 mil toneladas de produtos \u2013 quase o dobro de 2021 (17,5 mil). Somente em carnes (bovina, su\u00edna, aves e peixes) o salto foi de 1,4 mil kg para 9 mil kg no mesmo per\u00edodo, quase sete vezes mais. A prote\u00edna est\u00e1 presente nos card\u00e1pios das escolas tr\u00eas dias da semana, com op\u00e7\u00f5es variadas: carne bovina, peixe, frango e cortes de carne de porco.<\/p>\n\n\n\n<p>Uma boa parte da merenda \u00e9 abastecida pela agricultura familiar: s\u00e3o 11 mil toneladas de todos os produtos, entre ovos, frutas, verduras, hortali\u00e7as. A utiliza\u00e7\u00e3o de org\u00e2nicos tamb\u00e9m ganha corpo todos os anos.<\/p>\n\n\n\n<p>O controle de qualidade \u00e9 feito pelo Instituto de Tecnologia do Paran\u00e1 (Tecpar) e o Instituto Paranaense de Desenvolvimento Educacional (Fundepar), que mant\u00eam uma s\u00f3lida parceria para a&nbsp;<a href=\"https:\/\/www.aen.pr.gov.br\/Noticia\/Parceria-entre-Tecpar-e-Fundepar-garante-refeicoes-de-qualidade-nas-escolas-estaduais\" target=\"_blank\" rel=\"noreferrer noopener\">an\u00e1lise t\u00e9cnica dos g\u00eaneros aliment\u00edcios adquiridos<\/a>.&nbsp;O contrato prev\u00ea a inspe\u00e7\u00e3o das embalagens e a realiza\u00e7\u00e3o de ensaios laboratoriais.&nbsp;S\u00e3o analisados desde alimentos perec\u00edveis, como carnes e ovos, a n\u00e3o perec\u00edveis como arroz, feij\u00e3o, macarr\u00e3o, bolachas e sucos. Alguns produtos adquiridos da agricultura familiar, como iogurte, sucos, ovos, tamb\u00e9m passam pela avalia\u00e7\u00e3o.<\/p>\n\n\n\n<p>\u201cO governo estadual garante sa\u00fade para os estudantes, com tr\u00eas refei\u00e7\u00f5es por turno escolar, o que tamb\u00e9m incentiva o desenvolvimento social e sustent\u00e1vel de mais de 20 mil fam\u00edlias de agricultores no Paran\u00e1\u201d, afirma o secret\u00e1rio estadual de Educa\u00e7\u00e3o, Roni Miranda.&nbsp;<\/p>\n\n\n\n<p>O Paran\u00e1 \u00e9 um dos estados que mais investe em merenda da rede estadual. \u201cTemos que atuar para que a merenda passe por um rigoroso controle de qualidade no momento da aquisi\u00e7\u00e3o, no armazenamento e na distribui\u00e7\u00e3o para levar mais e mais sa\u00fade aos estudantes. Bem alimentados eles t\u00eam mais condi\u00e7\u00f5es de aprendizado\u201d, complementa Eliane Teruel Carmona, diretora-presidente do Fundepar, respons\u00e1vel por todo o processo de aquisi\u00e7\u00e3o e distribui\u00e7\u00e3o dos alimentos nas escolas.<\/p>\n\n\n\n<p>A nutricionista respons\u00e1vel t\u00e9cnica do Estado, Andrea Bruginski, lembra que a merenda escolar faz parte da seguran\u00e7a alimentar de crian\u00e7as e adolescentes.&nbsp;Para auxiliar no preparo da merenda, a equipe de nutricionistas do Fundepar envia periodicamente sugest\u00f5es de card\u00e1pios e fichas t\u00e9cnicas das carnes para as escolas, para que os produtos sejam servidos conforme o planejamento.<\/p>\n\n\n\n<p>\u201cO programa de alimenta\u00e7\u00e3o escolar \u00e9 o maior de seguran\u00e7a alimentar do Estado. Disponibilizar alimenta\u00e7\u00e3o saud\u00e1vel e adequada aos alunos significa garantir alimenta\u00e7\u00e3o a 9,7% da popula\u00e7\u00e3o. Ela supre, no m\u00ednimo, 30% da necessidade nutricional de nossos alunos. S\u00e3o ofertados, a cada refei\u00e7\u00e3o, alimentos saud\u00e1veis. S\u00e3o muitas frutas, legumes, verduras, arroz, feij\u00e3o, carne, p\u00e3es, leite. Comida de verdade\u201d, completa.<\/p>\n\n\n\n<p>A estudante Isadora de Faria Achlagenhaufer, de 15 anos, que est\u00e1 no segundo ano do Ensino M\u00e9dio do Col\u00e9gio C\u00edvico-Militar Manoel A. Guimar\u00e3es, em Curitiba, adora as refei\u00e7\u00f5es. \u201cSabe quando a gente fala que comida feita com amor \u00e9 muito mais saborosa? A gente sente isso. De manh\u00e3, quando chego na escola, j\u00e1 \u00e9 servida uma refei\u00e7\u00e3o e tem um caf\u00e9 com leite que eu adoro. Depois tem macarr\u00e3o com carne, feijoada, saladas, batata-doce, sopa de feij\u00e3o, arroz com farofa de ovo, arroz com feij\u00e3o e lingui\u00e7a. Todo mundo ama&#8221;, afirma.<\/p>\n\n\n\n<p>A &#8220;tia da escola&#8221; \u00e9 a merendeira In\u00eas de Vasconcelos, servidora p\u00fablica h\u00e1 31 anos. Ela destaca o carinho com que prepara as refei\u00e7\u00f5es dos estudantes. \u201cSempre procuro saber o que eles mais gostam de comer. Arroz e feij\u00e3o, salada, carne, macarr\u00e3o. E eles amam macarr\u00e3o e polenta com molho. No caf\u00e9 da manh\u00e3 eles gostam muito de caf\u00e9 com leite, achocolatado, bolachinha salgada, p\u00e3o. Eu procuro fazer tudo bem gostoso e com muito carinho\u201d, conta.&nbsp;<\/p>\n\n\n\n<p>Essa metodologia paranaense ainda foi destaca pelo Minist\u00e9rio da Educa\u00e7\u00e3o na semana passada. Em s\u00e9rie de lan\u00e7amentos estaduais do programa P\u00e9-de-Meia, o ministro da Educa\u00e7\u00e3o, Camilo Santana, passou no Paran\u00e1 e elogiou o modelo estadual.\u00a0\u201cO Paran\u00e1 tem uma experi\u00eancia importante porque sabe a import\u00e2ncia da alimenta\u00e7\u00e3o escolar. Isso mexe com a autoestima do aluno, com a qualidade da aprendizagem\u201d, afirmou.<\/p>\n\n\n\n<p>AEN<\/p>\n","protected":false},"excerpt":{"rendered":"<p>A qualidade da merenda escolar ofertada em toda a rede estadual \u00e9 amplamente aprovada por pais e alunos. A pesquisa de satisfa\u00e7\u00e3o feita pelo Instituto Paran\u00e1 Pesquisas aponta que 89,5% dos alunos do ensino fundamental, 84,4% dos estudantes do m\u00e9dio e 89% dos pais e respons\u00e1veis aprovam a alimenta\u00e7\u00e3o oferecida nas 2,2 mil escolas. A [&hellip;]<\/p>\n","protected":false},"author":2,"featured_media":58357,"comment_status":"open","ping_status":"open","sticky":false,"template":"","format":"standard","meta":{"advanced_seo_description":"","jetpack_seo_html_title":"","jetpack_seo_noindex":false,"_jetpack_memberships_contains_paid_content":false,"footnotes":""},"categories":[40],"tags":[],"class_list":{"0":"post-58356","1":"post","2":"type-post","3":"status-publish","4":"format-standard","5":"has-post-thumbnail","7":"category-destaques"},"jetpack_featured_media_url":"https:\/\/www.paranapraia.com.br\/wp-content\/uploads\/2024\/03\/escola_merenda_4-scaled.jpg","jetpack_sharing_enabled":true,"_links":{"self":[{"href":"https:\/\/www.paranapraia.com.br\/index.php\/wp-json\/wp\/v2\/posts\/58356"}],"collection":[{"href":"https:\/\/www.paranapraia.com.br\/index.php\/wp-json\/wp\/v2\/posts"}],"about":[{"href":"https:\/\/www.paranapraia.com.br\/index.php\/wp-json\/wp\/v2\/types\/post"}],"author":[{"embeddable":true,"href":"https:\/\/www.paranapraia.com.br\/index.php\/wp-json\/wp\/v2\/users\/2"}],"replies":[{"embeddable":true,"href":"https:\/\/www.paranapraia.com.br\/index.php\/wp-json\/wp\/v2\/comments?post=58356"}],"version-history":[{"count":1,"href":"https:\/\/www.paranapraia.com.br\/index.php\/wp-json\/wp\/v2\/posts\/58356\/revisions"}],"predecessor-version":[{"id":58358,"href":"https:\/\/www.paranapraia.com.br\/index.php\/wp-json\/wp\/v2\/posts\/58356\/revisions\/58358"}],"wp:featuredmedia":[{"embeddable":true,"href":"https:\/\/www.paranapraia.com.br\/index.php\/wp-json\/wp\/v2\/media\/58357"}],"wp:attachment":[{"href":"https:\/\/www.paranapraia.com.br\/index.php\/wp-json\/wp\/v2\/media?parent=58356"}],"wp:term":[{"taxonomy":"category","embeddable":true,"href":"https:\/\/www.paranapraia.com.br\/index.php\/wp-json\/wp\/v2\/categories?post=58356"},{"taxonomy":"post_tag","embeddable":true,"href":"https:\/\/www.paranapraia.com.br\/index.php\/wp-json\/wp\/v2\/tags?post=58356"}],"curies":[{"name":"wp","href":"https:\/\/api.w.org\/{rel}","templated":true}]}}