{"id":58329,"date":"2024-03-15T17:15:29","date_gmt":"2024-03-15T20:15:29","guid":{"rendered":"https:\/\/www.paranapraia.com.br\/?p=58329"},"modified":"2024-03-15T17:21:47","modified_gmt":"2024-03-15T20:21:47","slug":"5o-encontro-de-produtores-de-mel-e-melipofeira-sera-sabado-em-pontal-do-parana","status":"publish","type":"post","link":"https:\/\/www.paranapraia.com.br\/index.php\/2024\/03\/15\/5o-encontro-de-produtores-de-mel-e-melipofeira-sera-sabado-em-pontal-do-parana\/","title":{"rendered":"5\u00ba Encontro de Produtores de Mel e Melipofeira ser\u00e1 s\u00e1bado em Pontal do Paran\u00e1"},"content":{"rendered":"\n<p><em>Prefeitos de Pontal e Morretes querem expandir cria\u00e7\u00e3o de abelhas sem ferr\u00e3o<\/em><\/p>\n\n\n\n<p>Criada em fevereiro deste ano com 35 produtores, a Associa\u00e7\u00e3o de Meliponicultores do Litoral do Paran\u00e1 (AME) promove neste s\u00e1bado (16), \u00e0s 8h30, o 5\u00ba Encontro de Melipolinicultores e Melipofeira de produtos derivados do mel das abelhas sem ferr\u00e3o, atividade econ\u00f4mica em expans\u00e3o em Pontal do Paran\u00e1.<\/p>\n\n\n\n<p>O evento ser\u00e1 na Associa\u00e7\u00e3o A.MAR (PR 412, Km 8, entrada no marco 33) no Balne\u00e1rio Shangri-L\u00e1.<\/p>\n\n\n\n<p>Al\u00e9m da troca de experi\u00eancias entre os criadores, haver\u00e1 exposi\u00e7\u00e3o, degusta\u00e7\u00e3o e comercializa\u00e7\u00e3o de muitas variedades de mel e produtos derivados, incluindo plantas e sementes, sabonetes, hidratantes, esfoliantes, pomadas anti-inflamat\u00f3rias, velas e diversos outros produtos criativos, saborosos e de higiene pessoal. Tamb\u00e9m haver\u00e1 artesanato, caixas para cria\u00e7\u00e3o e placas indicativas usadas nas colmeias.<\/p>\n\n\n\n<p>Est\u00e1 confirmada a presen\u00e7a dos prefeitos de Pontal do Paran\u00e1, Rud\u00e3o Gimenes, e de Morretes, Sebasti\u00e3o Brindarolli Jr. O munic\u00edpio vizinho tamb\u00e9m manifesta interesse em ampliar o neg\u00f3cio das abelhas sem ferr\u00e3o.<\/p>\n\n\n\n<p> Tamb\u00e9m participar\u00e3o t\u00e9cnicos da Ag\u00eancia de Defesa Agropecu\u00e1ria do Paran\u00e1 (Adapar), que orientam os produtores. Pontal discute implantar educa\u00e7\u00e3o ambiental nas escolas, turismo com plantas mel\u00edferas e melipon\u00e1rios, aliando empreendedorismo e desenvolvimento econ\u00f4mico.<\/p>\n\n\n\n<figure class=\"wp-block-image size-large\"><img loading=\"lazy\" decoding=\"async\" width=\"572\" height=\"1024\" src=\"https:\/\/www.paranapraia.com.br\/wp-content\/uploads\/2024\/03\/FB_IMG_1710534041939-572x1024.jpg\" alt=\"\" class=\"wp-image-58334\" srcset=\"https:\/\/www.paranapraia.com.br\/wp-content\/uploads\/2024\/03\/FB_IMG_1710534041939-572x1024.jpg 572w, https:\/\/www.paranapraia.com.br\/wp-content\/uploads\/2024\/03\/FB_IMG_1710534041939-168x300.jpg 168w, https:\/\/www.paranapraia.com.br\/wp-content\/uploads\/2024\/03\/FB_IMG_1710534041939-768x1374.jpg 768w, https:\/\/www.paranapraia.com.br\/wp-content\/uploads\/2024\/03\/FB_IMG_1710534041939-858x1536.jpg 858w, https:\/\/www.paranapraia.com.br\/wp-content\/uploads\/2024\/03\/FB_IMG_1710534041939-696x1246.jpg 696w, https:\/\/www.paranapraia.com.br\/wp-content\/uploads\/2024\/03\/FB_IMG_1710534041939-scaled.jpg 447w\" sizes=\"(max-width: 572px) 100vw, 572px\" \/><\/figure>\n\n\n\n<p>CAPACITA\u00c7\u00d5ES: Pontal do Paran\u00e1 proporciona constantes cursos de capacita\u00e7\u00e3o na \u00e1rea e, da continuidade deles, surgiu a ideia de fundar a associa\u00e7\u00e3o. O mais recente, o quinto desde 2021, foi conclu\u00eddo nesta semana, sobre derivados do mel, e contou com a visita do prefeito, cada vez mais interessado em contribuir para o crescimento da atividade.<\/p>\n\n\n\n<p>Os alunos aprenderam no\u00e7\u00f5es de empreendedorismo a fazer sabonetes hidratantes, esfoliantes com gr\u00e3os de caf\u00e9, pr\u00f3polis azul (produto \u00fanico das abelhas sem ferr\u00e3o em Pontal e no litoral do Paran\u00e1) e produtos com frutas diversas.<\/p>\n\n\n\n<p>PRATOS COM MEL: Atuante na cidade, a chef finalista do programa Caminhos do Campo (RPC\/Globo) em 2023, D\u00e9bora Lenzi, se inspirou no mel das abelhas sem ferr\u00e3o produzido em Pontal do Paran\u00e1 para criar dois pratos que ter\u00e3o sess\u00f5es de degusta\u00e7\u00e3o na Melipofeira:<\/p>\n\n\n\n<figure class=\"wp-block-image size-large\"><img loading=\"lazy\" decoding=\"async\" width=\"768\" height=\"1024\" src=\"https:\/\/www.paranapraia.com.br\/wp-content\/uploads\/2024\/03\/IMG-20240313-WA0071-1-768x1024.jpg\" alt=\"\" class=\"wp-image-58330\" srcset=\"https:\/\/www.paranapraia.com.br\/wp-content\/uploads\/2024\/03\/IMG-20240313-WA0071-1-768x1024.jpg 768w, https:\/\/www.paranapraia.com.br\/wp-content\/uploads\/2024\/03\/IMG-20240313-WA0071-1-225x300.jpg 225w, https:\/\/www.paranapraia.com.br\/wp-content\/uploads\/2024\/03\/IMG-20240313-WA0071-1-1152x1536.jpg 1152w, https:\/\/www.paranapraia.com.br\/wp-content\/uploads\/2024\/03\/IMG-20240313-WA0071-1-696x928.jpg 696w, https:\/\/www.paranapraia.com.br\/wp-content\/uploads\/2024\/03\/IMG-20240313-WA0071-1-1068x1424.jpg 1068w, https:\/\/www.paranapraia.com.br\/wp-content\/uploads\/2024\/03\/IMG-20240313-WA0071-1-scaled.jpg 600w\" sizes=\"(max-width: 768px) 100vw, 768px\" \/><\/figure>\n\n\n\n<p> 1) Vieira grelhada, picles de rabanete, pitaya, broto de beterraba e molho de laranja com mel de jata\u00ed. 2) Robalo flambado com cataia e mel acompanhados de legumes na manteiga<\/p>\n\n\n\n<p>PARCEIROS: No evento e nas capacita\u00e7\u00f5es. Prefeitura de Pontal do Paran\u00e1, secretarias de Meio Ambiente Agricultura e Pesca, de Turismo e Desenvolvimento Econ\u00f4mico, Ag\u00eancia do Trabalhador, Associa\u00e7\u00e3o A.Mar, Instituto Ecoe e Senar-PR (Servi\u00e7o Nacional de Aprendizagem Rural). <\/p>\n\n\n\n<h1 class=\"wp-block-heading\">pontalquecresce<\/h1>\n\n\n\n<h1 class=\"wp-block-heading\">pontalquecuida<\/h1>\n\n\n\n<h1 class=\"wp-block-heading\">pontalparticipa<\/h1>\n\n\n\n<h1 class=\"wp-block-heading\">pontaldoparana\u0301<\/h1>\n\n\n\n<h1 class=\"wp-block-heading\">PrefeituradePontaldoParana<\/h1>\n\n\n\n<h1 class=\"wp-block-heading\">secretariademeioambienteagriculturaepesca<\/h1>\n\n\n\n<h1 class=\"wp-block-heading\">secretariadeturismoedesenvolvimentoecon\u00f4mico<\/h1>\n\n\n\n<h1 class=\"wp-block-heading\">litoralpr<\/h1>\n\n\n\n<h1 class=\"wp-block-heading\">litoralparanaense<\/h1>\n","protected":false},"excerpt":{"rendered":"<p>Prefeitos de Pontal e Morretes querem expandir cria\u00e7\u00e3o de abelhas sem ferr\u00e3o Criada em fevereiro deste ano com 35 produtores, a Associa\u00e7\u00e3o de Meliponicultores do Litoral do Paran\u00e1 (AME) promove neste s\u00e1bado (16), \u00e0s 8h30, o 5\u00ba Encontro de Melipolinicultores e Melipofeira de produtos derivados do mel das abelhas sem ferr\u00e3o, atividade econ\u00f4mica em expans\u00e3o [&hellip;]<\/p>\n","protected":false},"author":2,"featured_media":58331,"comment_status":"open","ping_status":"open","sticky":false,"template":"","format":"standard","meta":{"advanced_seo_description":"","jetpack_seo_html_title":"","jetpack_seo_noindex":false,"_jetpack_memberships_contains_paid_content":false,"footnotes":""},"categories":[65],"tags":[],"class_list":{"0":"post-58329","1":"post","2":"type-post","3":"status-publish","4":"format-standard","5":"has-post-thumbnail","7":"category-pontal-do-parana"},"jetpack_featured_media_url":"https:\/\/www.paranapraia.com.br\/wp-content\/uploads\/2024\/03\/FB_IMG_1710533534274-scaled.jpg","jetpack_sharing_enabled":true,"_links":{"self":[{"href":"https:\/\/www.paranapraia.com.br\/index.php\/wp-json\/wp\/v2\/posts\/58329"}],"collection":[{"href":"https:\/\/www.paranapraia.com.br\/index.php\/wp-json\/wp\/v2\/posts"}],"about":[{"href":"https:\/\/www.paranapraia.com.br\/index.php\/wp-json\/wp\/v2\/types\/post"}],"author":[{"embeddable":true,"href":"https:\/\/www.paranapraia.com.br\/index.php\/wp-json\/wp\/v2\/users\/2"}],"replies":[{"embeddable":true,"href":"https:\/\/www.paranapraia.com.br\/index.php\/wp-json\/wp\/v2\/comments?post=58329"}],"version-history":[{"count":2,"href":"https:\/\/www.paranapraia.com.br\/index.php\/wp-json\/wp\/v2\/posts\/58329\/revisions"}],"predecessor-version":[{"id":58335,"href":"https:\/\/www.paranapraia.com.br\/index.php\/wp-json\/wp\/v2\/posts\/58329\/revisions\/58335"}],"wp:featuredmedia":[{"embeddable":true,"href":"https:\/\/www.paranapraia.com.br\/index.php\/wp-json\/wp\/v2\/media\/58331"}],"wp:attachment":[{"href":"https:\/\/www.paranapraia.com.br\/index.php\/wp-json\/wp\/v2\/media?parent=58329"}],"wp:term":[{"taxonomy":"category","embeddable":true,"href":"https:\/\/www.paranapraia.com.br\/index.php\/wp-json\/wp\/v2\/categories?post=58329"},{"taxonomy":"post_tag","embeddable":true,"href":"https:\/\/www.paranapraia.com.br\/index.php\/wp-json\/wp\/v2\/tags?post=58329"}],"curies":[{"name":"wp","href":"https:\/\/api.w.org\/{rel}","templated":true}]}}