{"id":58321,"date":"2024-03-17T16:36:45","date_gmt":"2024-03-17T19:36:45","guid":{"rendered":"https:\/\/www.paranapraia.com.br\/?p=58321"},"modified":"2024-04-03T15:32:21","modified_gmt":"2024-04-03T18:32:21","slug":"chef-de-cozinha-estudante-de-nutricao-mae-pontalense-de-coracao-e-agora-tambem-colunista","status":"publish","type":"post","link":"https:\/\/www.paranapraia.com.br\/index.php\/2024\/03\/17\/chef-de-cozinha-estudante-de-nutricao-mae-pontalense-de-coracao-e-agora-tambem-colunista\/","title":{"rendered":"Chef de cozinha, estudante de nutri\u00e7\u00e3o, m\u00e3e, pontalense de cora\u00e7\u00e3o e agora tamb\u00e9m colunista"},"content":{"rendered":"\n<p>Apaixonada pela gastronomia D\u00e9bora cozinha desde seus 10 anos, aprendeu com sua m\u00e3e e sua av\u00f3, em suas reuni\u00f5es familiares. De descend\u00eancia italiana e polonesa a culin\u00e1ria sempre esteve muito presente em sua vida, onde juntava-se todas as mulheres da familia em uma mesa para fazer massas caseiras e tamb\u00e9m um hobby da fam\u00edlia era sair conhecer restaurantes e pratos novos em Curitiba e fora do pa\u00eds.<\/p>\n\n\n\n<figure class=\"wp-block-image size-large\"><img loading=\"lazy\" decoding=\"async\" width=\"768\" height=\"1024\" src=\"https:\/\/www.paranapraia.com.br\/wp-content\/uploads\/2024\/03\/IMG-20240313-WA0068-768x1024.jpg\" alt=\"\" class=\"wp-image-58325\" srcset=\"https:\/\/www.paranapraia.com.br\/wp-content\/uploads\/2024\/03\/IMG-20240313-WA0068-768x1024.jpg 768w, https:\/\/www.paranapraia.com.br\/wp-content\/uploads\/2024\/03\/IMG-20240313-WA0068-225x300.jpg 225w, https:\/\/www.paranapraia.com.br\/wp-content\/uploads\/2024\/03\/IMG-20240313-WA0068-1152x1536.jpg 1152w, https:\/\/www.paranapraia.com.br\/wp-content\/uploads\/2024\/03\/IMG-20240313-WA0068-696x928.jpg 696w, https:\/\/www.paranapraia.com.br\/wp-content\/uploads\/2024\/03\/IMG-20240313-WA0068-1068x1424.jpg 1068w, https:\/\/www.paranapraia.com.br\/wp-content\/uploads\/2024\/03\/IMG-20240313-WA0068-scaled.jpg 600w\" sizes=\"(max-width: 768px) 100vw, 768px\" \/><\/figure>\n\n\n\n<p>J\u00e1 participou de concursos, feiras, festivais e entrevistas. E com essas experi\u00eancias ganhou um espa\u00e7o voltado a sua \u00e1rea, abordando v\u00e1rios assuntos em uma forma din\u00e2mica e curiosa.<\/p>\n\n\n\n<p>\u201cCozinhar \u00e9 uma forma de cuidado para com o outro e com esse espa\u00e7o espero agu\u00e7ar os sentidos dos leitores para quando provarem algo novo saberem identificar os ingredientes e a hist\u00f3ria por tr\u00e1s de cada receita. Assim estimulando o prazer e a felicidade em cada prato degustado. \u201d<\/p>\n\n\n\n<p>\u201cSer\u00e1 um novo desafio para mim, mas acredito que o munic\u00edpio tem muito a ser explorado na \u00e1rea gastron\u00f4mica. \u201d Diz D\u00e9bora.<\/p>\n\n\n\n<p>Sua curiosidade pela comida sempre esteve em seu sangue, em Curitiba passou por alguns restaurantes de comidas internacionais como Terrazza 40, Alessandro e Frederico, Chez Arnold, entre outros.<\/p>\n\n\n\n<figure class=\"wp-block-image size-large\"><img loading=\"lazy\" decoding=\"async\" width=\"576\" height=\"1024\" src=\"https:\/\/www.paranapraia.com.br\/wp-content\/uploads\/2024\/03\/IMG-20240313-WA0069-576x1024.jpg\" alt=\"\" class=\"wp-image-58326\" srcset=\"https:\/\/www.paranapraia.com.br\/wp-content\/uploads\/2024\/03\/IMG-20240313-WA0069-576x1024.jpg 576w, https:\/\/www.paranapraia.com.br\/wp-content\/uploads\/2024\/03\/IMG-20240313-WA0069-169x300.jpg 169w, https:\/\/www.paranapraia.com.br\/wp-content\/uploads\/2024\/03\/IMG-20240313-WA0069-768x1365.jpg 768w, https:\/\/www.paranapraia.com.br\/wp-content\/uploads\/2024\/03\/IMG-20240313-WA0069-864x1536.jpg 864w, https:\/\/www.paranapraia.com.br\/wp-content\/uploads\/2024\/03\/IMG-20240313-WA0069-696x1237.jpg 696w, https:\/\/www.paranapraia.com.br\/wp-content\/uploads\/2024\/03\/IMG-20240313-WA0069-scaled.jpg 450w\" sizes=\"(max-width: 576px) 100vw, 576px\" \/><\/figure>\n\n\n\n<p>D\u00e9bora vem a Pontal do Paran\u00e1 desde a sua inf\u00e2ncia, mas em 2020 resolveu vir morar e criar ra\u00edzes, ap\u00f3s alguns anos cuidando somente dos filhos resolveu voltar a gastronomia criando pratos novos, entre suas cria\u00e7\u00f5es mais conhecidas est\u00e3o o hamb\u00farguer de caranguejo criado em 2023 para o festival anual que acontece na cidade e o sorvete cai\u00e7ara que ficou entre os finalistas do Concurso Caminhos do Campo 2023 da RPC e em seus eventos sempre traz algo diferente e criativo.<\/p>\n\n\n\n<p>Estar\u00e1 conosco no Paran\u00e1 Praia trazendo muitos assuntos interessantes sobre a gastronomia. Sua p\u00e1gina no instagram \u00e9 @chefdeboralenzi e l\u00e1 estar\u00e1 tamb\u00e9m publicando dicas, curiosidades e receitas sobre uma de suas paix\u00f5es, a gastronomia.<\/p>\n\n\n\n<figure class=\"wp-block-image size-large\"><img loading=\"lazy\" decoding=\"async\" width=\"576\" height=\"1024\" src=\"https:\/\/www.paranapraia.com.br\/wp-content\/uploads\/2024\/03\/IMG-20240313-WA0070-576x1024.jpg\" alt=\"\" class=\"wp-image-58327\" srcset=\"https:\/\/www.paranapraia.com.br\/wp-content\/uploads\/2024\/03\/IMG-20240313-WA0070-576x1024.jpg 576w, https:\/\/www.paranapraia.com.br\/wp-content\/uploads\/2024\/03\/IMG-20240313-WA0070-169x300.jpg 169w, https:\/\/www.paranapraia.com.br\/wp-content\/uploads\/2024\/03\/IMG-20240313-WA0070-768x1365.jpg 768w, https:\/\/www.paranapraia.com.br\/wp-content\/uploads\/2024\/03\/IMG-20240313-WA0070-864x1536.jpg 864w, https:\/\/www.paranapraia.com.br\/wp-content\/uploads\/2024\/03\/IMG-20240313-WA0070-696x1237.jpg 696w, https:\/\/www.paranapraia.com.br\/wp-content\/uploads\/2024\/03\/IMG-20240313-WA0070-scaled.jpg 450w\" sizes=\"(max-width: 576px) 100vw, 576px\" \/><\/figure>\n\n\n\n<p>Para entrar em contato com Chef Debora Lenzi.<\/p>\n\n\n\n<p>Whats: (41)99567-1938 ou pelo email chefdeboralenzi@gmail.com<\/p>\n","protected":false},"excerpt":{"rendered":"<p>Apaixonada pela gastronomia D\u00e9bora cozinha desde seus 10 anos, aprendeu com sua m\u00e3e e sua av\u00f3, em suas reuni\u00f5es familiares. De descend\u00eancia italiana e polonesa a culin\u00e1ria sempre esteve muito presente em sua vida, onde juntava-se todas as mulheres da familia em uma mesa para fazer massas caseiras e tamb\u00e9m um hobby da fam\u00edlia era [&hellip;]<\/p>\n","protected":false},"author":2,"featured_media":58324,"comment_status":"open","ping_status":"open","sticky":false,"template":"","format":"standard","meta":{"advanced_seo_description":"","jetpack_seo_html_title":"","jetpack_seo_noindex":false,"_jetpack_memberships_contains_paid_content":false,"footnotes":""},"categories":[40],"tags":[318],"class_list":{"0":"post-58321","1":"post","2":"type-post","3":"status-publish","4":"format-standard","5":"has-post-thumbnail","7":"category-destaques","8":"tag-pontal-do-parana"},"jetpack_featured_media_url":"https:\/\/www.paranapraia.com.br\/wp-content\/uploads\/2024\/03\/IMG-20240315-WA0028-scaled.jpg","jetpack_sharing_enabled":true,"_links":{"self":[{"href":"https:\/\/www.paranapraia.com.br\/index.php\/wp-json\/wp\/v2\/posts\/58321"}],"collection":[{"href":"https:\/\/www.paranapraia.com.br\/index.php\/wp-json\/wp\/v2\/posts"}],"about":[{"href":"https:\/\/www.paranapraia.com.br\/index.php\/wp-json\/wp\/v2\/types\/post"}],"author":[{"embeddable":true,"href":"https:\/\/www.paranapraia.com.br\/index.php\/wp-json\/wp\/v2\/users\/2"}],"replies":[{"embeddable":true,"href":"https:\/\/www.paranapraia.com.br\/index.php\/wp-json\/wp\/v2\/comments?post=58321"}],"version-history":[{"count":1,"href":"https:\/\/www.paranapraia.com.br\/index.php\/wp-json\/wp\/v2\/posts\/58321\/revisions"}],"predecessor-version":[{"id":58328,"href":"https:\/\/www.paranapraia.com.br\/index.php\/wp-json\/wp\/v2\/posts\/58321\/revisions\/58328"}],"wp:featuredmedia":[{"embeddable":true,"href":"https:\/\/www.paranapraia.com.br\/index.php\/wp-json\/wp\/v2\/media\/58324"}],"wp:attachment":[{"href":"https:\/\/www.paranapraia.com.br\/index.php\/wp-json\/wp\/v2\/media?parent=58321"}],"wp:term":[{"taxonomy":"category","embeddable":true,"href":"https:\/\/www.paranapraia.com.br\/index.php\/wp-json\/wp\/v2\/categories?post=58321"},{"taxonomy":"post_tag","embeddable":true,"href":"https:\/\/www.paranapraia.com.br\/index.php\/wp-json\/wp\/v2\/tags?post=58321"}],"curies":[{"name":"wp","href":"https:\/\/api.w.org\/{rel}","templated":true}]}}