{"id":58318,"date":"2024-03-19T14:57:02","date_gmt":"2024-03-19T17:57:02","guid":{"rendered":"https:\/\/www.paranapraia.com.br\/?p=58318"},"modified":"2024-04-03T15:35:04","modified_gmt":"2024-04-03T18:35:04","slug":"com-novas-parcerias-sanepar-amplia-investimentos-e-acoes-de-preservacao-da-mata-atlantica","status":"publish","type":"post","link":"https:\/\/www.paranapraia.com.br\/index.php\/2024\/03\/19\/com-novas-parcerias-sanepar-amplia-investimentos-e-acoes-de-preservacao-da-mata-atlantica\/","title":{"rendered":"Com novas parcerias, Sanepar amplia investimentos e a\u00e7\u00f5es de preserva\u00e7\u00e3o da Mata Atl\u00e2ntica"},"content":{"rendered":"\n<p>O Governo do Estado e a Sanepar assinaram na noite de quinta-feira (14) protocolos de compromisso e chamada p\u00fablica para o desenvolvimento de a\u00e7\u00f5es de conserva\u00e7\u00e3o da Serra do Mar com a Funda\u00e7\u00e3o Grupo Botic\u00e1rio e o Instituto Life. A Sanepar ir\u00e1 destinar cerca de R$ 4 milh\u00f5es a serem aplicados durante tr\u00eas anos em a\u00e7\u00f5es de conserva\u00e7\u00e3o da biodiversidade e dos recursos h\u00eddricos da regi\u00e3o de Mata Atl\u00e2ntica. O presidente do Instituto Brasileiro do Meio Ambiente (Ibama), Rodrigo Agostinho, foi um dos participantes da cerim\u00f4nia realizada no Pal\u00e1cio Igua\u00e7u.<\/p>\n\n\n\n<p>A partir do protocolo, a Sanepar destinar\u00e1 ao Movimento Viva \u00c1gua Miringuava R$ 2 milh\u00f5es para pr\u00e1ticas de conserva\u00e7\u00e3o da natureza, seguran\u00e7a h\u00eddrica e adapta\u00e7\u00f5es a mudan\u00e7as clim\u00e1ticas. Os recursos tamb\u00e9m ser\u00e3o aplicados em a\u00e7\u00f5es voltadas ao fortalecimento do turismo local e do empreendedorismo com a agricultura sustent\u00e1vel na comunidade da Bacia do Miringuava. A Sanepar j\u00e1 participa do Movimento Viva \u00c1gua, juntamente com o Instituto de Desenvolvimento Rural Paran\u00e1 (IDR-Paran\u00e1) e a Invest Paran\u00e1, \u00f3rg\u00e3os do Governo do Estado.<\/p>\n\n\n\n<p>Na parceria com o Instituto Life, a Sanepar destinar\u00e1 R$ 750 mil \u00e0 Coaliza\u00e7\u00e3o Life de Neg\u00f3cios e Biodiversidade, formada por empresas comprometidas em acelerar a inser\u00e7\u00e3o da biodiversidade nos neg\u00f3cios, por meio de a\u00e7\u00f5es concretas e solu\u00e7\u00f5es transformadoras. Ao aderir \u00e0 Coaliza\u00e7\u00e3o Life, a Sanepar se posiciona como refer\u00eancia no mercado, disseminando a conserva\u00e7\u00e3o da biodiversidade junto aos seus p\u00fablicos, o que agrega valor \u00e0 sua marca, suas pr\u00e1ticas e neg\u00f3cios.<\/p>\n\n\n\n<p>Outra a\u00e7\u00e3o \u00e9 a chamada p\u00fablica que ir\u00e1 selecionar Organiza\u00e7\u00f5es N\u00e3o Governamentais\/Organiza\u00e7\u00f5es da Sociedade Civil de Interesse P\u00fablico (ONG\/OSCIP) para desenvolverem a\u00e7\u00f5es que ampliam a resili\u00eancia h\u00eddrica da Regi\u00e3o Metropolitana de Curitiba. Neste trabalho, a Sanepar ir\u00e1 destinar cerca de R$ 1,5 milh\u00e3o.<\/p>\n\n\n\n<p>O presidente do Ibama, Rodrigo Agostinho, disse que a uni\u00e3o do setor p\u00fablico e a sociedade civil, numa articula\u00e7\u00e3o conjunta de pol\u00edticas ambientais, beneficia o meio ambiente. \u201cEssa integra\u00e7\u00e3o \u00e9 muito importante para o tema da restaura\u00e7\u00e3o ambiental. Temos um desafio enorme pela frente e vejo sinceridade nesses projetos. O Ibama tem um grande respeito pela Sanepar e temos mantido uma rela\u00e7\u00e3o harm\u00f4nica para trabalhamos juntos de forma estrat\u00e9gica\u201d, disse.<\/p>\n\n\n\n<p>Para o vice-governador, Darci Piana, essas a\u00e7\u00f5es s\u00e3o necess\u00e1rias uma vez que o Paran\u00e1 \u00e9 formalmente respons\u00e1vel pelo bioma da Mata Atl\u00e2ntica no Brasil por ser o estado que det\u00e9m a maior reserva dessa mata no Pa\u00eds. \u201cTemos uma grande responsabilidade em fun\u00e7\u00e3o dos efeitos provocados pelas mudan\u00e7as clim\u00e1ticas. Como grande produtor de alimentos, o Paran\u00e1 tem que cuidar do solo, do meio ambiente e da \u00e1gua\u201d, disse.<\/p>\n\n\n\n<p>Na avalia\u00e7\u00e3o do presidente da Sanepar, Claudio Stabile, essas parcerias fortalecem o compromisso da Companhia com a sustentabilidade diante dos desafios ambientais. \u201cAl\u00e9m do Botic\u00e1rio, que \u00e9 exemplo de preserva\u00e7\u00e3o para o mundo, a parceria com o Instituto Life nos d\u00e1 um selo, uma marca, que \u00e9 uma forma de monetizar os cuidados com o meio ambiente. Isso nos ajuda a ampliar o Pagamento por Servi\u00e7os Ambientais (PSA), o que incentiva o pequeno produtor a permanecer na regi\u00e3o com pr\u00e1ticas conservacionistas mantendo a qualidade da \u00e1gua e das nascentes\u201d, afirmou.<\/p>\n\n\n\n<p>Segundo o gerente de Economia da Biodiversidade da Funda\u00e7\u00e3o Grupo Botic\u00e1rio, Andr\u00e9 Ferretti, o Movimento Viva \u00c1gua tem conectado atores p\u00fablicos e privados em prol da preserva\u00e7\u00e3o da Bacia do Miringuava. \u201cComemoro o fortalecimento da parceria com a Sanepar nesse trabalho que visa tornar a Regi\u00e3o do Miringuava num modelo de desenvolvimento sustent\u00e1vel\u201d, destacou.<\/p>\n\n\n\n<p>A diretora-executiva do Instituto Life, Regiane Borsato, destacou que a participa\u00e7\u00e3o da Sanepar na Coaliza\u00e7\u00e3o Life \u00e9 extremamente positiva pelo fato de a Companhia entender a biodiversidade como fundamental para a produ\u00e7\u00e3o da \u00e1gua. \u201c\u00c9 importante as empresas entenderem a preserva\u00e7\u00e3o ambiental como parte da sua estrat\u00e9gia de neg\u00f3cio. A Sanepar tem esse conceito e vai servir de exemplo para outras empresas\u201d, complementou.<\/p>\n\n\n\n<p>AEN<\/p>\n","protected":false},"excerpt":{"rendered":"<p>O Governo do Estado e a Sanepar assinaram na noite de quinta-feira (14) protocolos de compromisso e chamada p\u00fablica para o desenvolvimento de a\u00e7\u00f5es de conserva\u00e7\u00e3o da Serra do Mar com a Funda\u00e7\u00e3o Grupo Botic\u00e1rio e o Instituto Life. A Sanepar ir\u00e1 destinar cerca de R$ 4 milh\u00f5es a serem aplicados durante tr\u00eas anos em [&hellip;]<\/p>\n","protected":false},"author":2,"featured_media":58319,"comment_status":"open","ping_status":"open","sticky":false,"template":"","format":"standard","meta":{"advanced_seo_description":"","jetpack_seo_html_title":"","jetpack_seo_noindex":false,"_jetpack_memberships_contains_paid_content":false,"footnotes":""},"categories":[40],"tags":[],"class_list":{"0":"post-58318","1":"post","2":"type-post","3":"status-publish","4":"format-standard","5":"has-post-thumbnail","7":"category-destaques"},"jetpack_featured_media_url":"https:\/\/www.paranapraia.com.br\/wp-content\/uploads\/2024\/03\/20240314_-_sanepar_boticario_life_ibama_-40-scaled.jpg","jetpack_sharing_enabled":true,"_links":{"self":[{"href":"https:\/\/www.paranapraia.com.br\/index.php\/wp-json\/wp\/v2\/posts\/58318"}],"collection":[{"href":"https:\/\/www.paranapraia.com.br\/index.php\/wp-json\/wp\/v2\/posts"}],"about":[{"href":"https:\/\/www.paranapraia.com.br\/index.php\/wp-json\/wp\/v2\/types\/post"}],"author":[{"embeddable":true,"href":"https:\/\/www.paranapraia.com.br\/index.php\/wp-json\/wp\/v2\/users\/2"}],"replies":[{"embeddable":true,"href":"https:\/\/www.paranapraia.com.br\/index.php\/wp-json\/wp\/v2\/comments?post=58318"}],"version-history":[{"count":1,"href":"https:\/\/www.paranapraia.com.br\/index.php\/wp-json\/wp\/v2\/posts\/58318\/revisions"}],"predecessor-version":[{"id":58320,"href":"https:\/\/www.paranapraia.com.br\/index.php\/wp-json\/wp\/v2\/posts\/58318\/revisions\/58320"}],"wp:featuredmedia":[{"embeddable":true,"href":"https:\/\/www.paranapraia.com.br\/index.php\/wp-json\/wp\/v2\/media\/58319"}],"wp:attachment":[{"href":"https:\/\/www.paranapraia.com.br\/index.php\/wp-json\/wp\/v2\/media?parent=58318"}],"wp:term":[{"taxonomy":"category","embeddable":true,"href":"https:\/\/www.paranapraia.com.br\/index.php\/wp-json\/wp\/v2\/categories?post=58318"},{"taxonomy":"post_tag","embeddable":true,"href":"https:\/\/www.paranapraia.com.br\/index.php\/wp-json\/wp\/v2\/tags?post=58318"}],"curies":[{"name":"wp","href":"https:\/\/api.w.org\/{rel}","templated":true}]}}