{"id":58302,"date":"2024-03-15T10:48:55","date_gmt":"2024-03-15T13:48:55","guid":{"rendered":"https:\/\/www.paranapraia.com.br\/?p=58302"},"modified":"2024-03-15T10:48:58","modified_gmt":"2024-03-15T13:48:58","slug":"projeto-sobre-energia-renovavel-com-biogas-e-apresentado-em-matinhos","status":"publish","type":"post","link":"https:\/\/www.paranapraia.com.br\/index.php\/2024\/03\/15\/projeto-sobre-energia-renovavel-com-biogas-e-apresentado-em-matinhos\/","title":{"rendered":"Projeto sobre energia renov\u00e1vel com biog\u00e1s \u00e9 apresentado em Matinhos"},"content":{"rendered":"\n<p>Nesta quinta-feira (14), o prefeito Z\u00e9 da Ecler recebeu os representantes da AFBEL, a \u00c1frica Brasil Energia Limpa e Sustent\u00e1vel. Durante a reuni\u00e3o, a equipe da AFBEL apresentou um plano que aborda o uso de energia renov\u00e1vel atrav\u00e9s do biog\u00e1s, biofertilizante e adubo.<\/p>\n\n\n\n<p>Segundo o plano intitulado &#8220;AFBEL Lixo Zero&#8221;, a proposta \u00e9 estabelecer em Matinhos uma instala\u00e7\u00e3o de biog\u00e1s utilizando o m\u00e9todo de fermenta\u00e7\u00e3o a seco. A planta desta instala\u00e7\u00e3o foi mostrada ao prefeito e ao secret\u00e1rio do Meio Ambiente, S\u00e9rgio Cioli.<\/p>\n\n\n\n<p>A AFBEL afirmou que o modelo da planta apresentado \u00e9 \u00fanico no Brasil, embora j\u00e1 exista na Alemanha. Assim, Matinhos seria o primeiro munic\u00edpio brasileiro a aderi-lo.<\/p>\n\n\n\n<p>Ap\u00f3s uma sugest\u00e3o do secret\u00e1rio S\u00e9rgio Cioli, a AFBEL montou uma consulta t\u00e9cnica de viabilidade junto ao Instituto \u00c1gua e Terra. Por meio dessa consulta, foi examinada a possibilidade de implantar uma instala\u00e7\u00e3o como essa na cidade.<\/p>\n\n\n\n<p>A reuni\u00e3o tamb\u00e9m foi acompanhada pelo diretor-geral do Gabinete, Marcelo Padilha.<\/p>\n\n\n\n<p>Departamento de Comunica\u00e7\u00e3o<br>Prefeitura de Matinhos<\/p>\n\n\n\n<p>Acesse o nosso portal: https:\/\/matinhos.atende.net\/cidadao\/noticia\/projeto-sobre-energia-renovavel-com-biogas-e-apresentado-em-matinhos<\/p>\n\n\n\n<h1 class=\"wp-block-heading\">AFBEL #Biog\u00e1s #MatinhosT\u00e1Diferente #PrefeituraDeMatinhos #UmaCidadeParaTodos #Matinhos #LitoralPR<\/h1>\n","protected":false},"excerpt":{"rendered":"<p>Nesta quinta-feira (14), o prefeito Z\u00e9 da Ecler recebeu os representantes da AFBEL, a \u00c1frica Brasil Energia Limpa e Sustent\u00e1vel. Durante a reuni\u00e3o, a equipe da AFBEL apresentou um plano que aborda o uso de energia renov\u00e1vel atrav\u00e9s do biog\u00e1s, biofertilizante e adubo. Segundo o plano intitulado &#8220;AFBEL Lixo Zero&#8221;, a proposta \u00e9 estabelecer em [&hellip;]<\/p>\n","protected":false},"author":2,"featured_media":58303,"comment_status":"open","ping_status":"open","sticky":false,"template":"","format":"standard","meta":{"advanced_seo_description":"","jetpack_seo_html_title":"","jetpack_seo_noindex":false,"_jetpack_memberships_contains_paid_content":false,"footnotes":""},"categories":[88],"tags":[317],"class_list":{"0":"post-58302","1":"post","2":"type-post","3":"status-publish","4":"format-standard","5":"has-post-thumbnail","7":"category-matinhos","8":"tag-matinhos"},"jetpack_featured_media_url":"https:\/\/www.paranapraia.com.br\/wp-content\/uploads\/2024\/03\/FB_IMG_1710510442398-scaled.jpg","jetpack_sharing_enabled":true,"_links":{"self":[{"href":"https:\/\/www.paranapraia.com.br\/index.php\/wp-json\/wp\/v2\/posts\/58302"}],"collection":[{"href":"https:\/\/www.paranapraia.com.br\/index.php\/wp-json\/wp\/v2\/posts"}],"about":[{"href":"https:\/\/www.paranapraia.com.br\/index.php\/wp-json\/wp\/v2\/types\/post"}],"author":[{"embeddable":true,"href":"https:\/\/www.paranapraia.com.br\/index.php\/wp-json\/wp\/v2\/users\/2"}],"replies":[{"embeddable":true,"href":"https:\/\/www.paranapraia.com.br\/index.php\/wp-json\/wp\/v2\/comments?post=58302"}],"version-history":[{"count":1,"href":"https:\/\/www.paranapraia.com.br\/index.php\/wp-json\/wp\/v2\/posts\/58302\/revisions"}],"predecessor-version":[{"id":58304,"href":"https:\/\/www.paranapraia.com.br\/index.php\/wp-json\/wp\/v2\/posts\/58302\/revisions\/58304"}],"wp:featuredmedia":[{"embeddable":true,"href":"https:\/\/www.paranapraia.com.br\/index.php\/wp-json\/wp\/v2\/media\/58303"}],"wp:attachment":[{"href":"https:\/\/www.paranapraia.com.br\/index.php\/wp-json\/wp\/v2\/media?parent=58302"}],"wp:term":[{"taxonomy":"category","embeddable":true,"href":"https:\/\/www.paranapraia.com.br\/index.php\/wp-json\/wp\/v2\/categories?post=58302"},{"taxonomy":"post_tag","embeddable":true,"href":"https:\/\/www.paranapraia.com.br\/index.php\/wp-json\/wp\/v2\/tags?post=58302"}],"curies":[{"name":"wp","href":"https:\/\/api.w.org\/{rel}","templated":true}]}}