{"id":58276,"date":"2024-03-13T10:29:25","date_gmt":"2024-03-13T13:29:25","guid":{"rendered":"https:\/\/www.paranapraia.com.br\/?p=58276"},"modified":"2024-03-13T10:29:28","modified_gmt":"2024-03-13T13:29:28","slug":"proibicao-da-pesca-do-caranguejo-uca-comeca-nesta-sexta-feira-no-parana","status":"publish","type":"post","link":"https:\/\/www.paranapraia.com.br\/index.php\/2024\/03\/13\/proibicao-da-pesca-do-caranguejo-uca-comeca-nesta-sexta-feira-no-parana\/","title":{"rendered":"Proibi\u00e7\u00e3o da pesca do caranguejo-u\u00e7\u00e1 come\u00e7a nesta sexta-feira no Paran\u00e1"},"content":{"rendered":"\n<p>O Paran\u00e1 entra nesta sexta-feira (15) no per\u00edodo de proibi\u00e7\u00e3o da captura do caranguejo-u\u00e7\u00e1 (<em>Ucides cordatus<\/em>). A determina\u00e7\u00e3o vale at\u00e9 o dia 30 de novembro, totalizando pouco mais de oito meses em que n\u00e3o se deve capturar, transportar, comercializar, beneficiar ou industrializar o caranguejo. A restri\u00e7\u00e3o, chamada de defeso do caranguejo, ocorre todos os anos para proteger e garantir a possibilidade de reprodu\u00e7\u00e3o natural da esp\u00e9cie. A programa\u00e7\u00e3o segue a&nbsp;<strong><a href=\"https:\/\/celepar7.pr.gov.br\/sia\/atosnormativos\/form_cons_ato1.asp?Codigo=919\" target=\"_blank\" rel=\"noreferrer noopener\">Portaria IAT n\u00ba 180\/2002<\/a><\/strong>.&nbsp;<\/p>\n\n\n\n<p>A engenheira de pesca do Instituto \u00c1gua e Terra (IAT), \u00f3rg\u00e3o respons\u00e1vel pela regulamenta\u00e7\u00e3o e fiscaliza\u00e7\u00e3o da captura do caranguejo-u\u00e7\u00e1, Evelyn Jacques de Almeida, destaca a import\u00e2ncia de proteger a esp\u00e9cie. \u201cO caranguejo-u\u00e7\u00e1 \u00e9 um crust\u00e1ceo encontrado em toda a costa brasileira, com papel fundamental para reciclagem do manguezal. Ele se alimenta das folhas e transforma essas folhas em material que oferece nutrientes para outros organismos da cadeia alimentar\u201d, explica.<\/p>\n\n\n\n<p>Ainda de acordo com a especialista, a esp\u00e9cie distribui nutrientes no solo quando fazem suas tocas, sendo essenciais para preserva\u00e7\u00e3o dos ecossistemas, al\u00e9m da atividade ser uma importante fonte de renda para as fam\u00edlias que comercializam os caranguejos inteiros ou beneficiados, contribuindo para a economia do Litoral do Estado, regi\u00e3o rica em manguezais.<\/p>\n\n\n\n<p>A pesca de caranguejo foi respons\u00e1vel por movimentar pouco mais de R$ 7 milh\u00f5es no Paran\u00e1 em 2022, de acordo com o levantamento mais recente do Departamento de Economia Rural (Deral) da Secretaria de Estado da Agricultura e Abastecimento (Seab). Guaratuba liderou a produ\u00e7\u00e3o, com participa\u00e7\u00e3o de 20,33%, seguida por Antonina (17,79%) e Paranagu\u00e1 (15,76%).<\/p>\n\n\n\n<p>AEN<\/p>\n","protected":false},"excerpt":{"rendered":"<p>O Paran\u00e1 entra nesta sexta-feira (15) no per\u00edodo de proibi\u00e7\u00e3o da captura do caranguejo-u\u00e7\u00e1 (Ucides cordatus). A determina\u00e7\u00e3o vale at\u00e9 o dia 30 de novembro, totalizando pouco mais de oito meses em que n\u00e3o se deve capturar, transportar, comercializar, beneficiar ou industrializar o caranguejo. A restri\u00e7\u00e3o, chamada de defeso do caranguejo, ocorre todos os anos [&hellip;]<\/p>\n","protected":false},"author":2,"featured_media":58277,"comment_status":"open","ping_status":"open","sticky":false,"template":"","format":"standard","meta":{"advanced_seo_description":"","jetpack_seo_html_title":"","jetpack_seo_noindex":false,"_jetpack_memberships_contains_paid_content":false,"footnotes":""},"categories":[40],"tags":[487],"class_list":{"0":"post-58276","1":"post","2":"type-post","3":"status-publish","4":"format-standard","5":"has-post-thumbnail","7":"category-destaques","8":"tag-parana-2"},"jetpack_featured_media_url":"https:\/\/www.paranapraia.com.br\/wp-content\/uploads\/2024\/03\/caranguejo_2_denis_ferreira_netto_sedest-scaled.jpg","jetpack_sharing_enabled":true,"_links":{"self":[{"href":"https:\/\/www.paranapraia.com.br\/index.php\/wp-json\/wp\/v2\/posts\/58276"}],"collection":[{"href":"https:\/\/www.paranapraia.com.br\/index.php\/wp-json\/wp\/v2\/posts"}],"about":[{"href":"https:\/\/www.paranapraia.com.br\/index.php\/wp-json\/wp\/v2\/types\/post"}],"author":[{"embeddable":true,"href":"https:\/\/www.paranapraia.com.br\/index.php\/wp-json\/wp\/v2\/users\/2"}],"replies":[{"embeddable":true,"href":"https:\/\/www.paranapraia.com.br\/index.php\/wp-json\/wp\/v2\/comments?post=58276"}],"version-history":[{"count":1,"href":"https:\/\/www.paranapraia.com.br\/index.php\/wp-json\/wp\/v2\/posts\/58276\/revisions"}],"predecessor-version":[{"id":58278,"href":"https:\/\/www.paranapraia.com.br\/index.php\/wp-json\/wp\/v2\/posts\/58276\/revisions\/58278"}],"wp:featuredmedia":[{"embeddable":true,"href":"https:\/\/www.paranapraia.com.br\/index.php\/wp-json\/wp\/v2\/media\/58277"}],"wp:attachment":[{"href":"https:\/\/www.paranapraia.com.br\/index.php\/wp-json\/wp\/v2\/media?parent=58276"}],"wp:term":[{"taxonomy":"category","embeddable":true,"href":"https:\/\/www.paranapraia.com.br\/index.php\/wp-json\/wp\/v2\/categories?post=58276"},{"taxonomy":"post_tag","embeddable":true,"href":"https:\/\/www.paranapraia.com.br\/index.php\/wp-json\/wp\/v2\/tags?post=58276"}],"curies":[{"name":"wp","href":"https:\/\/api.w.org\/{rel}","templated":true}]}}