{"id":58246,"date":"2024-03-21T14:44:39","date_gmt":"2024-03-21T17:44:39","guid":{"rendered":"https:\/\/www.paranapraia.com.br\/?p=58246"},"modified":"2024-04-03T15:46:08","modified_gmt":"2024-04-03T18:46:08","slug":"maria-fernanda-e-a-primeira-mulher-a-comandar-o-colegio-da-policia-militar-do-parana","status":"publish","type":"post","link":"https:\/\/www.paranapraia.com.br\/index.php\/2024\/03\/21\/maria-fernanda-e-a-primeira-mulher-a-comandar-o-colegio-da-policia-militar-do-parana\/","title":{"rendered":"Maria Fernanda \u00e9 a primeira mulher a comandar o Col\u00e9gio da Pol\u00edcia Militar do Paran\u00e1"},"content":{"rendered":"\n<p>A capit\u00e3 Maria Fernanda de Carvalho de Deus assumiu no dia 22 de fevereiro um posto in\u00e9dito para uma mulher na Pol\u00edcia Militar do Paran\u00e1: a dire\u00e7\u00e3o do Col\u00e9gio da PM, o CPM, em Curitiba. \u00c9 a primeira vez desde 1959, ano da cria\u00e7\u00e3o da escola, que uma mulher assume o posto dedicado \u00e0 forma\u00e7\u00e3o de jovens paranaenses. Agora, ela \u00e9 respons\u00e1vel pela gest\u00e3o de 1.500 alunos e 110 docentes.<\/p>\n\n\n\n<p>&#8220;Assumir o comando do Col\u00e9gio da Pol\u00edcia Militar \u00e9 uma honra indescrit\u00edvel. Levarei esse orgulho e responsabilidade diariamente, ciente da import\u00e2ncia e do compromisso que isso representa para mim e para a comunidade que servimos&#8221;, destaca a nova comandante.<\/p>\n\n\n\n<p>Essa ser\u00e1 a terceira experi\u00eancia dela no Col\u00e9gio da Pol\u00edcia Militar, onde j\u00e1 foi diretora de turno, subcomandante e chefe da Divis\u00e3o de Ensino. Ela tamb\u00e9m j\u00e1 passou na Academia Policial Militar do Guatup\u00ea e no Batalh\u00e3o de Patrulha Escolar Comunit\u00e1ria, onde tamb\u00e9m integrou o Programa Educacional de Resist\u00eancia \u00e0s Drogas e \u00e0 Viol\u00eancia (Proerd).<\/p>\n\n\n\n<p>&#8220;O Col\u00e9gio da Pol\u00edcia Militar PM Felippe de Sousa Miranda prima pelo ensino de qualidade oferecido a seus alunos, despertando neles o esp\u00edrito de civismo e boa conviv\u00eancia social&#8221;, complementa. Ela \u00e9 graduada em Sistemas de Informa\u00e7\u00e3o pela Faculdade Pit\u00e1goras e tem p\u00f3s-gradua\u00e7\u00f5es em Gest\u00e3o P\u00fablica com \u00eanfase em Gest\u00e3o de Pessoas, Direito Militar e Gest\u00e3o Escolar, pelo Instituto Federal do Paran\u00e1 (FPR) e Faculdade Unina.<\/p>\n\n\n\n<p>AEN<\/p>\n","protected":false},"excerpt":{"rendered":"<p>A capit\u00e3 Maria Fernanda de Carvalho de Deus assumiu no dia 22 de fevereiro um posto in\u00e9dito para uma mulher na Pol\u00edcia Militar do Paran\u00e1: a dire\u00e7\u00e3o do Col\u00e9gio da PM, o CPM, em Curitiba. \u00c9 a primeira vez desde 1959, ano da cria\u00e7\u00e3o da escola, que uma mulher assume o posto dedicado \u00e0 forma\u00e7\u00e3o [&hellip;]<\/p>\n","protected":false},"author":2,"featured_media":58247,"comment_status":"open","ping_status":"open","sticky":false,"template":"","format":"standard","meta":{"advanced_seo_description":"","jetpack_seo_html_title":"","jetpack_seo_noindex":false,"_jetpack_memberships_contains_paid_content":false,"footnotes":""},"categories":[40],"tags":[487],"class_list":{"0":"post-58246","1":"post","2":"type-post","3":"status-publish","4":"format-standard","5":"has-post-thumbnail","7":"category-destaques","8":"tag-parana-2"},"jetpack_featured_media_url":"https:\/\/www.paranapraia.com.br\/wp-content\/uploads\/2024\/03\/whatsapp_image_2024-03-11_at_14.31.16_1-scaled.jpg","jetpack_sharing_enabled":true,"_links":{"self":[{"href":"https:\/\/www.paranapraia.com.br\/index.php\/wp-json\/wp\/v2\/posts\/58246"}],"collection":[{"href":"https:\/\/www.paranapraia.com.br\/index.php\/wp-json\/wp\/v2\/posts"}],"about":[{"href":"https:\/\/www.paranapraia.com.br\/index.php\/wp-json\/wp\/v2\/types\/post"}],"author":[{"embeddable":true,"href":"https:\/\/www.paranapraia.com.br\/index.php\/wp-json\/wp\/v2\/users\/2"}],"replies":[{"embeddable":true,"href":"https:\/\/www.paranapraia.com.br\/index.php\/wp-json\/wp\/v2\/comments?post=58246"}],"version-history":[{"count":1,"href":"https:\/\/www.paranapraia.com.br\/index.php\/wp-json\/wp\/v2\/posts\/58246\/revisions"}],"predecessor-version":[{"id":58248,"href":"https:\/\/www.paranapraia.com.br\/index.php\/wp-json\/wp\/v2\/posts\/58246\/revisions\/58248"}],"wp:featuredmedia":[{"embeddable":true,"href":"https:\/\/www.paranapraia.com.br\/index.php\/wp-json\/wp\/v2\/media\/58247"}],"wp:attachment":[{"href":"https:\/\/www.paranapraia.com.br\/index.php\/wp-json\/wp\/v2\/media?parent=58246"}],"wp:term":[{"taxonomy":"category","embeddable":true,"href":"https:\/\/www.paranapraia.com.br\/index.php\/wp-json\/wp\/v2\/categories?post=58246"},{"taxonomy":"post_tag","embeddable":true,"href":"https:\/\/www.paranapraia.com.br\/index.php\/wp-json\/wp\/v2\/tags?post=58246"}],"curies":[{"name":"wp","href":"https:\/\/api.w.org\/{rel}","templated":true}]}}