{"id":58193,"date":"2024-03-08T14:53:59","date_gmt":"2024-03-08T17:53:59","guid":{"rendered":"https:\/\/www.paranapraia.com.br\/?p=58193"},"modified":"2024-03-08T14:54:02","modified_gmt":"2024-03-08T17:54:02","slug":"tudo-pronto-para-tradicional-festa-de-sao-jose-em-pontal-do-parana","status":"publish","type":"post","link":"https:\/\/www.paranapraia.com.br\/index.php\/2024\/03\/08\/tudo-pronto-para-tradicional-festa-de-sao-jose-em-pontal-do-parana\/","title":{"rendered":"Tudo pronto para tradicional festa de S\u00e3o Jos\u00e9 em Pontal do Paran\u00e1"},"content":{"rendered":"\n<p><\/p>\n\n\n\n<p>Come\u00e7a nesta sexta-feira, dia 8, e vai at\u00e9 o feriado municipal do santo padroeiro de Pontal do Paran\u00e1, dia 19 de mar\u00e7o, a 24\u00aa Festa de S\u00e3o Jos\u00e9. A programa\u00e7\u00e3o ter\u00e1 intensas agendas religiosa e festiva com muitas atra\u00e7\u00f5es.<\/p>\n\n\n\n<p>Haver\u00e1 shows todas as noites e pra\u00e7a de alimenta\u00e7\u00e3o com v\u00e1rias comidas t\u00edpicas das quermesses. As novenas seguidas de missas come\u00e7am sempre \u00e0s 19h30.<\/p>\n\n\n\n<p> As atividades ser\u00e3o na igreja e na estrutura montada ao lado do Santu\u00e1rio de S\u00e3o Jos\u00e9 (Rua Dom Alfredo Novak, 167) no Balne\u00e1rio Praia de Leste.<\/p>\n\n\n\n<p>A Par\u00f3quia S\u00e3o Jos\u00e9 e S\u00e3o Sebasti\u00e3o, em Pontal do Paran\u00e1, foi criada no dia 19 de mar\u00e7o de 2003 por Dom Alfredo Novak, na \u00e9poca Bispo de Paranagu\u00e1, e engloba cinco comunidades.<\/p>\n\n\n\n<p> No dia 19 de mar\u00e7o de 2019 Dom Edmar aprovou a cria\u00e7\u00e3o do Santu\u00e1rio S\u00e3o Jos\u00e9. A festa \u00e9 realizada h\u00e1 23 anos e tornou-se um dos principais eventos anuais no calend\u00e1rio da cidade.<\/p>\n\n\n\n<p>O show de pr\u00eamios \u00e9 um dos atrativos e a venda de cartelas aumenta com a aproxima\u00e7\u00e3o do domingo (17), dia em que ser\u00e1 sorteado um carro zero quil\u00f4metro e outros pr\u00eamios de valor.<\/p>\n\n\n\n<p>\u26ea\ufe0fNa quarta (6) o padre Jo\u00e3o Marcos Tem\u00f3teo, p\u00e1roco do Santu\u00e1rio S\u00e3o Jos\u00e9, esteve na Prefeitura para divulgar a programa\u00e7\u00e3o da festa. Ele foi recebido no gabinete pelo prefeito Rud\u00e3o Gimenes e, em seguida, acompanhados da vice-prefeita Patr\u00edcia Millo Marcomini, desceram \u00e0 \u00e1rea de atendimento ao contribuinte.<\/p>\n\n\n\n<p>O padre apresentou a imagem do padroeiro, realizou uma ben\u00e7\u00e3o, orou junto aos servidores e convidou todos a participar da festa. Na ocasi\u00e3o, o prefeito Rud\u00e3o aproveitou para informar os servidores que assinou decreto determinando ponto facultativo na segunda (18) emendando com o feriado do padroeiro, ter\u00e7a (19).<\/p>\n\n\n\n<h1 class=\"wp-block-heading\">pontalquecresce<\/h1>\n\n\n\n<h1 class=\"wp-block-heading\">pontalparticipa<\/h1>\n\n\n\n<h1 class=\"wp-block-heading\">pontaldoparana\u0301<\/h1>\n\n\n\n<h1 class=\"wp-block-heading\">PrefeituradePontaldoParana<\/h1>\n\n\n\n<h1 class=\"wp-block-heading\">festades\u00e3ojos\u00e9pontaldoparan\u00e1<\/h1>\n\n\n\n<h1 class=\"wp-block-heading\">litoralpr<\/h1>\n\n\n\n<h1 class=\"wp-block-heading\">litoralparanaense<\/h1>\n","protected":false},"excerpt":{"rendered":"<p>Come\u00e7a nesta sexta-feira, dia 8, e vai at\u00e9 o feriado municipal do santo padroeiro de Pontal do Paran\u00e1, dia 19 de mar\u00e7o, a 24\u00aa Festa de S\u00e3o Jos\u00e9. A programa\u00e7\u00e3o ter\u00e1 intensas agendas religiosa e festiva com muitas atra\u00e7\u00f5es. Haver\u00e1 shows todas as noites e pra\u00e7a de alimenta\u00e7\u00e3o com v\u00e1rias comidas t\u00edpicas das quermesses. As [&hellip;]<\/p>\n","protected":false},"author":2,"featured_media":58194,"comment_status":"open","ping_status":"open","sticky":false,"template":"","format":"standard","meta":{"advanced_seo_description":"","jetpack_seo_html_title":"","jetpack_seo_noindex":false,"_jetpack_memberships_contains_paid_content":false,"footnotes":""},"categories":[65],"tags":[],"class_list":{"0":"post-58193","1":"post","2":"type-post","3":"status-publish","4":"format-standard","5":"has-post-thumbnail","7":"category-pontal-do-parana"},"jetpack_featured_media_url":"https:\/\/www.paranapraia.com.br\/wp-content\/uploads\/2024\/03\/FB_IMG_1709920258361-scaled.jpg","jetpack_sharing_enabled":true,"_links":{"self":[{"href":"https:\/\/www.paranapraia.com.br\/index.php\/wp-json\/wp\/v2\/posts\/58193"}],"collection":[{"href":"https:\/\/www.paranapraia.com.br\/index.php\/wp-json\/wp\/v2\/posts"}],"about":[{"href":"https:\/\/www.paranapraia.com.br\/index.php\/wp-json\/wp\/v2\/types\/post"}],"author":[{"embeddable":true,"href":"https:\/\/www.paranapraia.com.br\/index.php\/wp-json\/wp\/v2\/users\/2"}],"replies":[{"embeddable":true,"href":"https:\/\/www.paranapraia.com.br\/index.php\/wp-json\/wp\/v2\/comments?post=58193"}],"version-history":[{"count":1,"href":"https:\/\/www.paranapraia.com.br\/index.php\/wp-json\/wp\/v2\/posts\/58193\/revisions"}],"predecessor-version":[{"id":58195,"href":"https:\/\/www.paranapraia.com.br\/index.php\/wp-json\/wp\/v2\/posts\/58193\/revisions\/58195"}],"wp:featuredmedia":[{"embeddable":true,"href":"https:\/\/www.paranapraia.com.br\/index.php\/wp-json\/wp\/v2\/media\/58194"}],"wp:attachment":[{"href":"https:\/\/www.paranapraia.com.br\/index.php\/wp-json\/wp\/v2\/media?parent=58193"}],"wp:term":[{"taxonomy":"category","embeddable":true,"href":"https:\/\/www.paranapraia.com.br\/index.php\/wp-json\/wp\/v2\/categories?post=58193"},{"taxonomy":"post_tag","embeddable":true,"href":"https:\/\/www.paranapraia.com.br\/index.php\/wp-json\/wp\/v2\/tags?post=58193"}],"curies":[{"name":"wp","href":"https:\/\/api.w.org\/{rel}","templated":true}]}}