{"id":58190,"date":"2024-03-08T14:48:44","date_gmt":"2024-03-08T17:48:44","guid":{"rendered":"https:\/\/www.paranapraia.com.br\/?p=58190"},"modified":"2024-03-08T14:48:47","modified_gmt":"2024-03-08T17:48:47","slug":"da-fundacao-aos-dias-atuais-mulheres-formam-pilar-essencial-da-orquestra-sinfonica","status":"publish","type":"post","link":"https:\/\/www.paranapraia.com.br\/index.php\/2024\/03\/08\/da-fundacao-aos-dias-atuais-mulheres-formam-pilar-essencial-da-orquestra-sinfonica\/","title":{"rendered":"Da funda\u00e7\u00e3o aos dias atuais, mulheres formam pilar essencial da Orquestra Sinf\u00f4nica"},"content":{"rendered":"\n<p>Simone Savytzky repete o percurso com o violino h\u00e1 39 anos: de casa para o Teatro Gua\u00edra. Ela \u00e9 uma das fundadoras da Orquestra Sinf\u00f4nica do Paran\u00e1. Na placa do concerto de estreia, logo ap\u00f3s as escadas para o imponente Guair\u00e3o, tamb\u00e9m est\u00e3o os nomes da pianista Analaura de Souza Pinto, da violinista Maria Cristina Canestraro e da contrabaixista Maria Helena Salom\u00e3o.<\/p>\n\n\n\n<p>Simone tamb\u00e9m foi a primeira mulher spalla da Orquestra, o \u201cbra\u00e7o direito\u201d do maestro, uma ponte entre o regente e a orquestra, respons\u00e1vel pela afina\u00e7\u00e3o. Hoje em dia, al\u00e9m das apresenta\u00e7\u00f5es com grandes nomes da m\u00fasica cl\u00e1ssica nacional e internacional, ela \u00e9&nbsp;professora de alunas de 3 a 86 anos e tem a oportunidade de incentivar uma nova gera\u00e7\u00e3o de musicistas, tamb\u00e9m mulheres, a ter na m\u00fasica uma aliada para forma\u00e7\u00e3o de elos.<\/p>\n\n\n\n<p>Tudo come\u00e7ou em uma fam\u00edlia de m\u00fasicos, quando ela aprendeu a tocar piano com a av\u00f3 aos 4 anos e seguiu para o violino aos 11 anos. Depois disso chegou \u00e0 orquestra juvenil da Universidade Federal do Paran\u00e1 (UFPR), se apresentou no Museu de Arte de S\u00e3o Paulo, participou de festivais internacionais e fez mestrado nos Estados Unidos. Hoje, al\u00e9m da rotina de ensaios e shows, conta nos dedos os dias para o pr\u00f3ximo anivers\u00e1rio da&nbsp;Orquestra Sinf\u00f4nica do Paran\u00e1, que completa 40 anos em 2025.<\/p>\n\n\n\n<p>&#8220;N\u00f3s, artistas, sonh\u00e1vamos com uma orquestra profissional no Estado e passar nesse concurso foi muito especial. Fico feliz que a orquestra est\u00e1 prestes a completar 40 anos.&nbsp;\u00c9 uma satisfa\u00e7\u00e3o muito grande ver a comunh\u00e3o art\u00edstica no palco a cada apresenta\u00e7\u00e3o. Acredito que temos uma miss\u00e3o para passar atrav\u00e9s da m\u00fasica, que mexe com a emo\u00e7\u00e3o, a sensibilidade, e faz com que as pessoas tenham um momento marcante em suas vidas\u201d, afirma.<\/p>\n\n\n\n<p>Ela poderia fazer isso por mais 39 anos. O percurso inicia na inf\u00e2ncia, passa por dedica\u00e7\u00e3o, estudo di\u00e1rio, ensaios, audi\u00e7\u00f5es, festivais, concertos e repete, repete repete. &#8220;E eu faria tudo de novo, adoro tocar, adoro a m\u00fasica e tocar nesse grande palco da cultura\u201d, complementa.\u00a0\u201cUma das coisas mais emocionantes da minha vida foi entrar pela primeira vez no palco do Teatro Gua\u00edra, todos os m\u00fasicos sendo chamados por nome, um por um, para sentar nas cadeiras. Aquilo me marcou. Marcou a nossa gera\u00e7\u00e3o\u201d.<\/p>\n\n\n\n<p><strong>TRABALHO E EMO\u00c7\u00c3O&nbsp;<\/strong>\u2013&nbsp;Para Analaura de Souza Pinto, trabalho, paix\u00e3o e cultura se misturam no ambiente do Teatro Gua\u00edra. As primeiras notas musicais entraram em sua na vida com um pianinho de brinquedo e, aos seis anos, como &#8220;coisa de adulto&#8221; em um conservat\u00f3rio. Ela e o pai estudaram juntos, com aulas te\u00f3ricas e pr\u00e1ticas, e ela fez carreira at\u00e9 entrar na Sinf\u00f4nica.<\/p>\n\n\n\n<p>\u201cNunca me separei do piano. Mesmo ficando per\u00edodos sem professor, eu pegava nos livros e me virava. Depois fiz faculdade de M\u00fasica e me formei em 1980 em um dos primeiros cursos superiores da \u00e1rea. Ent\u00e3o cheguei ao Gua\u00edra.&nbsp;As primeiras vezes neste palco foram de felicidade e tens\u00e3o. A emo\u00e7\u00e3o continua, mas os anos trazem seguran\u00e7a. \u00c9 um trabalho que n\u00e3o gostaria de deixar nunca\u201d, afirma.<\/p>\n\n\n\n<p><strong>NOVAS GERA\u00c7\u00d5ES<\/strong>&nbsp;\u2013&nbsp;Al\u00e9m das fundadoras, a Orquestra hoje conta tamb\u00e9m com as violinistas Consuelo Froehner, Juliane Weingartner, Martina Lohmann&nbsp;e Fernanda Boaventura Pereira e as contrabaixistas Denise Lessi Juvenal e Maria Jos\u00e9 Monta\u00f1o. S\u00e3o nove mulheres entre os cerca de 70 m\u00fasicos da Orquestra Sinf\u00f4nica do Paran\u00e1.<\/p>\n\n\n\n<p>Uma das mais recentes integrantes do corpo, a violoncelista venezuelana Mar\u00eda Jos\u00e9 Bellorin, mestre pela Universidade Federal do Rio Grande do Norte (UFRN), com turn\u00eas pela Europa, se sentiu acolhida pelas fundadoras, pela cidade e pelo Gua\u00edra. A sua experi\u00eancia orquestral come\u00e7ou muito cedo no Sistema Nacional de Corais e Orquestras Juvenis e Infantis da Venezuela, reconhecido mundialmente como &#8220;El Sistema&#8221;.<\/p>\n\n\n\n<p>&#8220;A\u00a0profiss\u00e3o na m\u00fasica \u00e9 desafiadora, especialmente para as mulheres, devido a estere\u00f3tipos e desigualdades. O n\u00famero de mulheres ainda \u00e9 reduzido, mas a representatividade tem um poder muito grande de transforma\u00e7\u00e3o, o que pode engajar novas meninas a apostarem nesse caminho\u201d, destaca.<\/p>\n\n\n\n<p><strong>ORQUESTRA<\/strong>&nbsp;\u2013&nbsp;Fundada no ano de 1985, a Orquestra Sinf\u00f4nica do Paran\u00e1 \u00e9 a primeira e maior orquestra p\u00fablica do Estado. Com sede no Centro Cultural Teatro Gua\u00edra, em Curitiba, tem uma intensa agenda com concertos com programas pr\u00f3prios ou trazendo m\u00fasicos e regentes, al\u00e9m das apresenta\u00e7\u00f5es juntos com os demais corpos art\u00edsticos da casa, sempre a pre\u00e7os acess\u00edveis, com a miss\u00e3o de democratizar o acesso \u00e0 cultura.<\/p>\n\n\n\n<p>O repert\u00f3rio da OSP conta com cerca de 900 obras catalogadas de mais de 250 compositores, destacando os autores brasileiros Villa-Lobos e Camargo Guarnieri, e os paranaenses Henrique Morozowicz e Augusto Stresser. S\u00e3o\u00a0mais de 500 apresenta\u00e7\u00f5es dentro e fora do Paran\u00e1, com montagens de \u00f3peras, bal\u00e9s e primeiras audi\u00e7\u00f5es mundiais.<\/p>\n\n\n\n<p>AEN<\/p>\n","protected":false},"excerpt":{"rendered":"<p>Simone Savytzky repete o percurso com o violino h\u00e1 39 anos: de casa para o Teatro Gua\u00edra. Ela \u00e9 uma das fundadoras da Orquestra Sinf\u00f4nica do Paran\u00e1. Na placa do concerto de estreia, logo ap\u00f3s as escadas para o imponente Guair\u00e3o, tamb\u00e9m est\u00e3o os nomes da pianista Analaura de Souza Pinto, da violinista Maria Cristina [&hellip;]<\/p>\n","protected":false},"author":2,"featured_media":58191,"comment_status":"open","ping_status":"open","sticky":false,"template":"","format":"standard","meta":{"advanced_seo_description":"","jetpack_seo_html_title":"","jetpack_seo_noindex":false,"_jetpack_memberships_contains_paid_content":false,"footnotes":""},"categories":[40],"tags":[],"class_list":{"0":"post-58190","1":"post","2":"type-post","3":"status-publish","4":"format-standard","5":"has-post-thumbnail","7":"category-destaques"},"jetpack_featured_media_url":"https:\/\/www.paranapraia.com.br\/wp-content\/uploads\/2024\/03\/ops06_0-scaled.jpg","jetpack_sharing_enabled":true,"_links":{"self":[{"href":"https:\/\/www.paranapraia.com.br\/index.php\/wp-json\/wp\/v2\/posts\/58190"}],"collection":[{"href":"https:\/\/www.paranapraia.com.br\/index.php\/wp-json\/wp\/v2\/posts"}],"about":[{"href":"https:\/\/www.paranapraia.com.br\/index.php\/wp-json\/wp\/v2\/types\/post"}],"author":[{"embeddable":true,"href":"https:\/\/www.paranapraia.com.br\/index.php\/wp-json\/wp\/v2\/users\/2"}],"replies":[{"embeddable":true,"href":"https:\/\/www.paranapraia.com.br\/index.php\/wp-json\/wp\/v2\/comments?post=58190"}],"version-history":[{"count":1,"href":"https:\/\/www.paranapraia.com.br\/index.php\/wp-json\/wp\/v2\/posts\/58190\/revisions"}],"predecessor-version":[{"id":58192,"href":"https:\/\/www.paranapraia.com.br\/index.php\/wp-json\/wp\/v2\/posts\/58190\/revisions\/58192"}],"wp:featuredmedia":[{"embeddable":true,"href":"https:\/\/www.paranapraia.com.br\/index.php\/wp-json\/wp\/v2\/media\/58191"}],"wp:attachment":[{"href":"https:\/\/www.paranapraia.com.br\/index.php\/wp-json\/wp\/v2\/media?parent=58190"}],"wp:term":[{"taxonomy":"category","embeddable":true,"href":"https:\/\/www.paranapraia.com.br\/index.php\/wp-json\/wp\/v2\/categories?post=58190"},{"taxonomy":"post_tag","embeddable":true,"href":"https:\/\/www.paranapraia.com.br\/index.php\/wp-json\/wp\/v2\/tags?post=58190"}],"curies":[{"name":"wp","href":"https:\/\/api.w.org\/{rel}","templated":true}]}}