{"id":58158,"date":"2024-03-07T15:43:46","date_gmt":"2024-03-07T18:43:46","guid":{"rendered":"https:\/\/www.paranapraia.com.br\/?p=58158"},"modified":"2024-03-07T15:43:49","modified_gmt":"2024-03-07T18:43:49","slug":"videos-de-alunos-de-reserva-viralizam-e-ja-reunem-mais-de-5-milhoes-de-visualizacoes","status":"publish","type":"post","link":"https:\/\/www.paranapraia.com.br\/index.php\/2024\/03\/07\/videos-de-alunos-de-reserva-viralizam-e-ja-reunem-mais-de-5-milhoes-de-visualizacoes\/","title":{"rendered":"V\u00eddeos de alunos de Reserva viralizam e j\u00e1 re\u00fanem mais de 5 milh\u00f5es de visualiza\u00e7\u00f5es"},"content":{"rendered":"\n<p>A criatividade dos alunos do 3\u00ba ano do Col\u00e9gio Estadual Manoel Antonio Gomes, em Reserva, na regi\u00e3o central do Estado, ultrapassa os muros da escola. Uma s\u00e9rie de v\u00eddeos gravados por eles n\u00e3o apenas conquistou as redes sociais, mas tamb\u00e9m serviu de inspira\u00e7\u00e3o para que outros estudantes fizessem o mesmo. Os materiais, postados no TikTok, abordam de forma bem-humorada temas cotidianos da escola e, no total, j\u00e1 somam mais de 5 milh\u00f5es de visualiza\u00e7\u00f5es.<\/p>\n\n\n\n<p>A ideia surgiu a partir de uma reflex\u00e3o proposta em sala de aula. \u201cO per\u00edodo de escola passa muito r\u00e1pido e \u00e9 preciso aproveitar ao m\u00e1ximo essa fase, principalmente com o \u00faltimo ano do Ensino M\u00e9dio se desenrolando diante dos olhos. A proposta foi criar boas mem\u00f3rias\u201d, afirma o diretor da escola, J\u00fanior Vaz. \u201cAo incorporar essas ferramentas de forma consciente e orientada, os educadores t\u00eam a oportunidade de engajar os alunos em um ambiente familiar e atrativo. Essas plataformas podem ser poderosas ferramentas de aprendizado e colabora\u00e7\u00e3o\u201d.<\/p>\n\n\n\n<p>Pensando nisso, a turma da aluna Alice Kostiuresko (16) tomou a iniciativa de criar perfis nas redes sociais para a sala. \u201cQuerendo ou n\u00e3o, nossa gera\u00e7\u00e3o \u00e9 muito ligada nas telas e a gente gostaria de compartilhar nossa rotina com os amigos. Nem pens\u00e1vamos que ia ter tantas visualiza\u00e7\u00f5es\u201d, conta.<\/p>\n\n\n\n<p>Num dos v\u00eddeo que viralizaram, os alunos ironizam, de maneira descontra\u00edda, os&nbsp;<a href=\"https:\/\/www.tiktok.com\/@terceirob.cemag\/video\/7338071391922687237?is_from_webapp=1\" target=\"_blank\" rel=\"noreferrer noopener\">serm\u00f5es que as turmas recebem dos professores<\/a>, gravando um grupo de amigos na sala de aula. \u201cPercebemos que o \u00e1udio do serm\u00e3o original, que n\u00e3o era da nossa escola, estava em alta e perguntei se o grupo aceitava gravar o v\u00eddeo. A gente fez durante uma troca de professores para ter certeza que n\u00e3o iria atrapalhar nenhuma aula\u201d, diz Alice. Em menos de 24 horas, o v\u00eddeo ultrapassou os 1,6 milh\u00e3o de visualiza\u00e7\u00f5es e agora j\u00e1 conta com mais 3,3 milh\u00f5es.&nbsp;&nbsp;<\/p>\n\n\n\n<p>Outra turma viralizou nas redes, tamb\u00e9m em uma conta do TikTok, com um v\u00eddeo hit do momento. No v\u00eddeo, o aluno&nbsp;<a href=\"https:\/\/www.tiktok.com\/@top.formandos\/video\/7338849854468181253?is_from_webapp=1\" target=\"_blank\" rel=\"noreferrer noopener\">Luiz Guilherme Pereira (16) aparece circulando por todos os espa\u00e7os do col\u00e9gio<\/a>, jogando v\u00f4lei, lendo nos corredores, conversando com professores e at\u00e9 mesmo ajudando a merendeira no preparo da comida, enquanto outro aluno pede para ir ao banheiro e recebe um &#8220;espera o Luiz voltar&#8221; do professor. O v\u00eddeo conta com 2,5 milh\u00f5es de visualiza\u00e7\u00f5es.<\/p>\n\n\n\n<p>De acordo com o pr\u00f3prio protagonista da hist\u00f3ria, ningu\u00e9m esperava tamanho reconhecimento. \u201cN\u00e3o imaginava que haveria tantas visualiza\u00e7\u00f5es. Foi um privil\u00e9gio muito grande aparecer no v\u00eddeo e ter dado tanto engajamento para o nosso col\u00e9gio\u201d, conta Luiz Guilherme.<\/p>\n\n\n\n<p><strong>COLE\u00c7\u00c3O DE MEM\u00d3RIAS&nbsp;<\/strong>\u2013 A escola explica que as grava\u00e7\u00f5es s\u00e3o iniciativas dos alunos e as contas criadas pelas turmas se tornaram verdadeiras c\u00e1psulas do tempo. Segundo ele, criou-se ent\u00e3o uma &#8220;batalha&#8221; saud\u00e1vel entre os alunos das turmas. &#8220;Nossos v\u00eddeos mostram a realidade da nossa vida escolar de uma forma mais divertida, tornando nossa turma mais unida e descontra\u00edda&#8221;, ressalta Medlyn Faustim (16), uma das alunas entusiastas do projeto.<\/p>\n\n\n\n<p>At\u00e9 os professores, diretores e funcion\u00e1rios do col\u00e9gio se envolveram no projeto, contribuindo para tornar o conte\u00fado mais completo. Em um outro v\u00eddeo, os alunos presenteiam o diretor com um quadro memorial contendo as digitais de cada estudante: uma forma de eternizar a passagem deles pela institui\u00e7\u00e3o.\u00a0&#8220;Nosso objetivo \u00e9 elevar o nome da nossa escola, como forma de agradecimento por todos os anos de aprendizado, pelas li\u00e7\u00f5es dos professores e, principalmente, pelo apoio incondicional do diretor&#8221;, diz Medlyn<\/p>\n\n\n\n<p>AEN<\/p>\n","protected":false},"excerpt":{"rendered":"<p>A criatividade dos alunos do 3\u00ba ano do Col\u00e9gio Estadual Manoel Antonio Gomes, em Reserva, na regi\u00e3o central do Estado, ultrapassa os muros da escola. Uma s\u00e9rie de v\u00eddeos gravados por eles n\u00e3o apenas conquistou as redes sociais, mas tamb\u00e9m serviu de inspira\u00e7\u00e3o para que outros estudantes fizessem o mesmo. Os materiais, postados no TikTok, [&hellip;]<\/p>\n","protected":false},"author":2,"featured_media":58159,"comment_status":"open","ping_status":"open","sticky":false,"template":"","format":"standard","meta":{"advanced_seo_description":"","jetpack_seo_html_title":"","jetpack_seo_noindex":false,"_jetpack_memberships_contains_paid_content":false,"footnotes":""},"categories":[40],"tags":[],"class_list":{"0":"post-58158","1":"post","2":"type-post","3":"status-publish","4":"format-standard","5":"has-post-thumbnail","7":"category-destaques"},"jetpack_featured_media_url":"https:\/\/www.paranapraia.com.br\/wp-content\/uploads\/2024\/03\/whatsapp_image_2024-03-07_at_10.58.03-scaled.jpg","jetpack_sharing_enabled":true,"_links":{"self":[{"href":"https:\/\/www.paranapraia.com.br\/index.php\/wp-json\/wp\/v2\/posts\/58158"}],"collection":[{"href":"https:\/\/www.paranapraia.com.br\/index.php\/wp-json\/wp\/v2\/posts"}],"about":[{"href":"https:\/\/www.paranapraia.com.br\/index.php\/wp-json\/wp\/v2\/types\/post"}],"author":[{"embeddable":true,"href":"https:\/\/www.paranapraia.com.br\/index.php\/wp-json\/wp\/v2\/users\/2"}],"replies":[{"embeddable":true,"href":"https:\/\/www.paranapraia.com.br\/index.php\/wp-json\/wp\/v2\/comments?post=58158"}],"version-history":[{"count":1,"href":"https:\/\/www.paranapraia.com.br\/index.php\/wp-json\/wp\/v2\/posts\/58158\/revisions"}],"predecessor-version":[{"id":58160,"href":"https:\/\/www.paranapraia.com.br\/index.php\/wp-json\/wp\/v2\/posts\/58158\/revisions\/58160"}],"wp:featuredmedia":[{"embeddable":true,"href":"https:\/\/www.paranapraia.com.br\/index.php\/wp-json\/wp\/v2\/media\/58159"}],"wp:attachment":[{"href":"https:\/\/www.paranapraia.com.br\/index.php\/wp-json\/wp\/v2\/media?parent=58158"}],"wp:term":[{"taxonomy":"category","embeddable":true,"href":"https:\/\/www.paranapraia.com.br\/index.php\/wp-json\/wp\/v2\/categories?post=58158"},{"taxonomy":"post_tag","embeddable":true,"href":"https:\/\/www.paranapraia.com.br\/index.php\/wp-json\/wp\/v2\/tags?post=58158"}],"curies":[{"name":"wp","href":"https:\/\/api.w.org\/{rel}","templated":true}]}}