{"id":58155,"date":"2024-03-07T15:00:20","date_gmt":"2024-03-07T18:00:20","guid":{"rendered":"https:\/\/www.paranapraia.com.br\/?p=58155"},"modified":"2024-03-07T15:00:23","modified_gmt":"2024-03-07T18:00:23","slug":"mdb-do-parana-apresenta-balanco-de-mandato-em-encontro-em-brasilia","status":"publish","type":"post","link":"https:\/\/www.paranapraia.com.br\/index.php\/2024\/03\/07\/mdb-do-parana-apresenta-balanco-de-mandato-em-encontro-em-brasilia\/","title":{"rendered":"MDB do Paran\u00e1 apresenta balan\u00e7o de mandato em encontro em Bras\u00edlia"},"content":{"rendered":"\n<p>Na \u00faltima ter\u00e7a-feira, dia 5, membros da executiva do MDB do Paran\u00e1 tiveram a oportunidade de apresentar um balan\u00e7o dos trabalhos realizados durante o mandato da executiva estadual. O encontro ocorreu na sede nacional do partido, em Bras\u00edlia, e contou com a presen\u00e7a do presidente nacional, deputado federal Baleia Rossi, al\u00e9m dos membros da executiva paranaense, incluindo o presidente Anibelli Neto, o vice-presidente Renato Adur, o secret\u00e1rio-geral Orlando Pesutti e o tesoureiro, deputado federal S\u00e9rgio Souza.<\/p>\n\n\n\n<p>Durante o encontro, foram destacados o progresso e os desafios enfrentados pela executiva do MDB do Paran\u00e1. Segundo Anibelli Neto, &#8220;o partido est\u00e1 em um momento extremamente positivo e estamos confiantes de que vamos contribuir significativamente para v\u00e1rias candidaturas de vereadores, prefeitos e vice-prefeitos no estado&#8221;, pontuou o presidente.<\/p>\n\n\n\n<p>O MDB do Paran\u00e1 reafirmou seu compromisso em crescer e cumprir as promessas feitas na conven\u00e7\u00e3o nacional do ano anterior. Determinado a enfrentar as elei\u00e7\u00f5es com confian\u00e7a e determina\u00e7\u00e3o, o partido segue em frente respaldado pela executiva nacional.<\/p>\n\n\n\n<p>&#8220;Estamos prontos para alcan\u00e7ar grandes conquistas para o Paran\u00e1 e para o pa\u00eds&#8221;, afirmaram os representantes do MDB do Paran\u00e1 ao final do encontro.<\/p>\n\n\n\n<p>A reuni\u00e3o contou tamb\u00e9m contou com a presen\u00e7a do governador do Par\u00e1, Helder Barbalho, e do senador de Alagoas, Renan Calheiros.<\/p>\n","protected":false},"excerpt":{"rendered":"<p>Na \u00faltima ter\u00e7a-feira, dia 5, membros da executiva do MDB do Paran\u00e1 tiveram a oportunidade de apresentar um balan\u00e7o dos trabalhos realizados durante o mandato da executiva estadual. O encontro ocorreu na sede nacional do partido, em Bras\u00edlia, e contou com a presen\u00e7a do presidente nacional, deputado federal Baleia Rossi, al\u00e9m dos membros da executiva [&hellip;]<\/p>\n","protected":false},"author":2,"featured_media":58156,"comment_status":"open","ping_status":"open","sticky":false,"template":"","format":"standard","meta":{"advanced_seo_description":"","jetpack_seo_html_title":"","jetpack_seo_noindex":false,"_jetpack_memberships_contains_paid_content":false,"footnotes":""},"categories":[40],"tags":[],"class_list":{"0":"post-58155","1":"post","2":"type-post","3":"status-publish","4":"format-standard","5":"has-post-thumbnail","7":"category-destaques"},"jetpack_featured_media_url":"https:\/\/www.paranapraia.com.br\/wp-content\/uploads\/2024\/03\/IMG-20240307-WA0026-scaled.jpg","jetpack_sharing_enabled":true,"_links":{"self":[{"href":"https:\/\/www.paranapraia.com.br\/index.php\/wp-json\/wp\/v2\/posts\/58155"}],"collection":[{"href":"https:\/\/www.paranapraia.com.br\/index.php\/wp-json\/wp\/v2\/posts"}],"about":[{"href":"https:\/\/www.paranapraia.com.br\/index.php\/wp-json\/wp\/v2\/types\/post"}],"author":[{"embeddable":true,"href":"https:\/\/www.paranapraia.com.br\/index.php\/wp-json\/wp\/v2\/users\/2"}],"replies":[{"embeddable":true,"href":"https:\/\/www.paranapraia.com.br\/index.php\/wp-json\/wp\/v2\/comments?post=58155"}],"version-history":[{"count":1,"href":"https:\/\/www.paranapraia.com.br\/index.php\/wp-json\/wp\/v2\/posts\/58155\/revisions"}],"predecessor-version":[{"id":58157,"href":"https:\/\/www.paranapraia.com.br\/index.php\/wp-json\/wp\/v2\/posts\/58155\/revisions\/58157"}],"wp:featuredmedia":[{"embeddable":true,"href":"https:\/\/www.paranapraia.com.br\/index.php\/wp-json\/wp\/v2\/media\/58156"}],"wp:attachment":[{"href":"https:\/\/www.paranapraia.com.br\/index.php\/wp-json\/wp\/v2\/media?parent=58155"}],"wp:term":[{"taxonomy":"category","embeddable":true,"href":"https:\/\/www.paranapraia.com.br\/index.php\/wp-json\/wp\/v2\/categories?post=58155"},{"taxonomy":"post_tag","embeddable":true,"href":"https:\/\/www.paranapraia.com.br\/index.php\/wp-json\/wp\/v2\/tags?post=58155"}],"curies":[{"name":"wp","href":"https:\/\/api.w.org\/{rel}","templated":true}]}}