{"id":58152,"date":"2024-03-07T10:19:09","date_gmt":"2024-03-07T13:19:09","guid":{"rendered":"https:\/\/www.paranapraia.com.br\/?p=58152"},"modified":"2024-03-07T10:19:15","modified_gmt":"2024-03-07T13:19:15","slug":"prefeito-de-matinhos-acompanha-obras-nas-calcadas-nos-balnearios","status":"publish","type":"post","link":"https:\/\/www.paranapraia.com.br\/index.php\/2024\/03\/07\/prefeito-de-matinhos-acompanha-obras-nas-calcadas-nos-balnearios\/","title":{"rendered":"Prefeito de Matinhos acompanha obras nas cal\u00e7adas, nos balne\u00e1rios"},"content":{"rendered":"\n<p>Nesta quarta-feira (06), o prefeito Z\u00e9 da Ecler visitou as obras em andamento nas cal\u00e7adas e passeios que se estendem dos balne\u00e1rios Fl\u00f3rida at\u00e9 Mon\u00e7\u00f5es. Acompanhado por uma equipe t\u00e9cnica, o prefeito inspecionou os trabalhos, que buscam garantir a acessibilidade e seguran\u00e7a dos pedestres ao longo da via.<\/p>\n\n\n\n<p>Z\u00e9 da Ecler destacou a import\u00e2ncia dessas interven\u00e7\u00f5es para a mobilidade urbana e a qualidade de vida da popula\u00e7\u00e3o local. E refor\u00e7ou o empenho da gest\u00e3o em acompanhar de perto o desenvolvimento das obras, assegurando que sejam conclu\u00eddas dentro dos prazos estabelecidos.<\/p>\n\n\n\n<p>O prefeito esteve acompanhado do secret\u00e1rio de Urbanismo, Edgard Max Podbevsek; a diretora da pasta, Caroline Oppido; o engenheiro civil Rafael Xocaira; e o chefe de Gabinete, Carlos Valderi.<\/p>\n\n\n\n<p>Departamento de Comunica\u00e7\u00e3o<br>Prefeitura de Matinhos<\/p>\n\n\n\n<p><\/p>\n\n\n\n<h1 class=\"wp-block-heading\">#MatinhosEmObras #MatinhosT\u00e1Diferente #PrefeituraDeMatinhos #UmaCidadeParaTodos #Matinhos #LitoralPR<\/h1>\n","protected":false},"excerpt":{"rendered":"<p>Nesta quarta-feira (06), o prefeito Z\u00e9 da Ecler visitou as obras em andamento nas cal\u00e7adas e passeios que se estendem dos balne\u00e1rios Fl\u00f3rida at\u00e9 Mon\u00e7\u00f5es. Acompanhado por uma equipe t\u00e9cnica, o prefeito inspecionou os trabalhos, que buscam garantir a acessibilidade e seguran\u00e7a dos pedestres ao longo da via. Z\u00e9 da Ecler destacou a import\u00e2ncia dessas [&hellip;]<\/p>\n","protected":false},"author":2,"featured_media":58153,"comment_status":"open","ping_status":"open","sticky":false,"template":"","format":"standard","meta":{"advanced_seo_description":"","jetpack_seo_html_title":"","jetpack_seo_noindex":false,"_jetpack_memberships_contains_paid_content":false,"footnotes":""},"categories":[88],"tags":[317],"class_list":{"0":"post-58152","1":"post","2":"type-post","3":"status-publish","4":"format-standard","5":"has-post-thumbnail","7":"category-matinhos","8":"tag-matinhos"},"jetpack_featured_media_url":"https:\/\/www.paranapraia.com.br\/wp-content\/uploads\/2024\/03\/FB_IMG_1709817423372-scaled.jpg","jetpack_sharing_enabled":true,"_links":{"self":[{"href":"https:\/\/www.paranapraia.com.br\/index.php\/wp-json\/wp\/v2\/posts\/58152"}],"collection":[{"href":"https:\/\/www.paranapraia.com.br\/index.php\/wp-json\/wp\/v2\/posts"}],"about":[{"href":"https:\/\/www.paranapraia.com.br\/index.php\/wp-json\/wp\/v2\/types\/post"}],"author":[{"embeddable":true,"href":"https:\/\/www.paranapraia.com.br\/index.php\/wp-json\/wp\/v2\/users\/2"}],"replies":[{"embeddable":true,"href":"https:\/\/www.paranapraia.com.br\/index.php\/wp-json\/wp\/v2\/comments?post=58152"}],"version-history":[{"count":1,"href":"https:\/\/www.paranapraia.com.br\/index.php\/wp-json\/wp\/v2\/posts\/58152\/revisions"}],"predecessor-version":[{"id":58154,"href":"https:\/\/www.paranapraia.com.br\/index.php\/wp-json\/wp\/v2\/posts\/58152\/revisions\/58154"}],"wp:featuredmedia":[{"embeddable":true,"href":"https:\/\/www.paranapraia.com.br\/index.php\/wp-json\/wp\/v2\/media\/58153"}],"wp:attachment":[{"href":"https:\/\/www.paranapraia.com.br\/index.php\/wp-json\/wp\/v2\/media?parent=58152"}],"wp:term":[{"taxonomy":"category","embeddable":true,"href":"https:\/\/www.paranapraia.com.br\/index.php\/wp-json\/wp\/v2\/categories?post=58152"},{"taxonomy":"post_tag","embeddable":true,"href":"https:\/\/www.paranapraia.com.br\/index.php\/wp-json\/wp\/v2\/tags?post=58152"}],"curies":[{"name":"wp","href":"https:\/\/api.w.org\/{rel}","templated":true}]}}