{"id":58149,"date":"2024-03-07T08:50:33","date_gmt":"2024-03-07T11:50:33","guid":{"rendered":"https:\/\/www.paranapraia.com.br\/?p=58149"},"modified":"2024-03-07T08:50:38","modified_gmt":"2024-03-07T11:50:38","slug":"show-nacional-com-naiara-azevedo-acontece-nesta-sexta-feira-em-paranagua","status":"publish","type":"post","link":"https:\/\/www.paranapraia.com.br\/index.php\/2024\/03\/07\/show-nacional-com-naiara-azevedo-acontece-nesta-sexta-feira-em-paranagua\/","title":{"rendered":"Show nacional com Naiara Azevedo acontece nesta sexta-feira em Paranagu\u00e1"},"content":{"rendered":"\n<p>Vem a\u00ed uma celebra\u00e7\u00e3o inesquec\u00edvel para o Dia da Mulher em Paranagu\u00e1! Show nacional de Naiara Azevedo, ao vivo, na Pra\u00e7a de Eventos M\u00e1rio Roque!<\/p>\n\n\n\n<p>Ser\u00e1 no dia&nbsp;8 de mar\u00e7o, \u00e0s 21h. Prepare-se para uma noite cheia de m\u00fasica e anima\u00e7\u00e3o com os maiores sucessos da Naiara Azevedo!&nbsp;Fa\u00e7a parte desta festa especial!<\/p>\n\n\n\n<p>Naiara Azevedo \u00e9&nbsp;cantora e compositora.&nbsp;Criada no s\u00edtio da fam\u00edlia com tios, primos e av\u00f3s m\u00fasicos, teve, desde pequena, influ\u00eancia sertaneja. Deixou a cidade natal aos 18 anos para cursar faculdade de Est\u00e9tica e Cosmetologia, \u00e1rea em que tamb\u00e9m fez p\u00f3s-gradua\u00e7\u00e3o. Em meio aos estudos, trabalhou como gar\u00e7onete e fazendo pequenas apresenta\u00e7\u00f5es em bares.<\/p>\n\n\n\n<p>Em&nbsp;2013,&nbsp;gravou seu primeiro DVD. Alcan\u00e7ou o grande p\u00fablico em 2016 com o hit 50 Reais. Em 2018, participou do quadro Show dos Famosos, no Doming\u00e3o do Faust\u00e3o, na Globo. No mesmo ano, foi indicada ao Grammy Latino na categoria de Melhor \u00c1lbum de M\u00fasica Sertaneja, por Contraste. Com 11 anos de carreira, j\u00e1 chegou a fazer 32 shows em um m\u00eas.<\/p>\n\n\n\n<p>Com a notoriedade, gravou com Ivete Sangalo, Gusttavo Lima e Wesley Safad\u00e3o, entre outros grandes nomes da m\u00fasica brasileira. Tamb\u00e9m tornou-se figura constante em programas de TV.<\/p>\n\n\n\n<p>Ilha do Mel FM<\/p>\n","protected":false},"excerpt":{"rendered":"<p>Vem a\u00ed uma celebra\u00e7\u00e3o inesquec\u00edvel para o Dia da Mulher em Paranagu\u00e1! Show nacional de Naiara Azevedo, ao vivo, na Pra\u00e7a de Eventos M\u00e1rio Roque! Ser\u00e1 no dia&nbsp;8 de mar\u00e7o, \u00e0s 21h. Prepare-se para uma noite cheia de m\u00fasica e anima\u00e7\u00e3o com os maiores sucessos da Naiara Azevedo!&nbsp;Fa\u00e7a parte desta festa especial! Naiara Azevedo \u00e9&nbsp;cantora [&hellip;]<\/p>\n","protected":false},"author":2,"featured_media":58150,"comment_status":"open","ping_status":"open","sticky":false,"template":"","format":"standard","meta":{"advanced_seo_description":"","jetpack_seo_html_title":"","jetpack_seo_noindex":false,"_jetpack_memberships_contains_paid_content":false,"footnotes":""},"categories":[40],"tags":[321],"class_list":{"0":"post-58149","1":"post","2":"type-post","3":"status-publish","4":"format-standard","5":"has-post-thumbnail","7":"category-destaques","8":"tag-paranagua"},"jetpack_featured_media_url":"https:\/\/www.paranapraia.com.br\/wp-content\/uploads\/2024\/03\/images-1.jpeg","jetpack_sharing_enabled":true,"_links":{"self":[{"href":"https:\/\/www.paranapraia.com.br\/index.php\/wp-json\/wp\/v2\/posts\/58149"}],"collection":[{"href":"https:\/\/www.paranapraia.com.br\/index.php\/wp-json\/wp\/v2\/posts"}],"about":[{"href":"https:\/\/www.paranapraia.com.br\/index.php\/wp-json\/wp\/v2\/types\/post"}],"author":[{"embeddable":true,"href":"https:\/\/www.paranapraia.com.br\/index.php\/wp-json\/wp\/v2\/users\/2"}],"replies":[{"embeddable":true,"href":"https:\/\/www.paranapraia.com.br\/index.php\/wp-json\/wp\/v2\/comments?post=58149"}],"version-history":[{"count":1,"href":"https:\/\/www.paranapraia.com.br\/index.php\/wp-json\/wp\/v2\/posts\/58149\/revisions"}],"predecessor-version":[{"id":58151,"href":"https:\/\/www.paranapraia.com.br\/index.php\/wp-json\/wp\/v2\/posts\/58149\/revisions\/58151"}],"wp:featuredmedia":[{"embeddable":true,"href":"https:\/\/www.paranapraia.com.br\/index.php\/wp-json\/wp\/v2\/media\/58150"}],"wp:attachment":[{"href":"https:\/\/www.paranapraia.com.br\/index.php\/wp-json\/wp\/v2\/media?parent=58149"}],"wp:term":[{"taxonomy":"category","embeddable":true,"href":"https:\/\/www.paranapraia.com.br\/index.php\/wp-json\/wp\/v2\/categories?post=58149"},{"taxonomy":"post_tag","embeddable":true,"href":"https:\/\/www.paranapraia.com.br\/index.php\/wp-json\/wp\/v2\/tags?post=58149"}],"curies":[{"name":"wp","href":"https:\/\/api.w.org\/{rel}","templated":true}]}}