{"id":58146,"date":"2024-03-06T17:46:50","date_gmt":"2024-03-06T20:46:50","guid":{"rendered":"https:\/\/www.paranapraia.com.br\/?p=58146"},"modified":"2024-03-06T17:46:54","modified_gmt":"2024-03-06T20:46:54","slug":"combate-a-dengue-e-intensificado-em-pontal-do-parana","status":"publish","type":"post","link":"https:\/\/www.paranapraia.com.br\/index.php\/2024\/03\/06\/combate-a-dengue-e-intensificado-em-pontal-do-parana\/","title":{"rendered":"Combate \u00e0 Dengue \u00e9 intensificado em Pontal do Paran\u00e1"},"content":{"rendered":"\n<p>O combate \u00e0 Dengue em Pontal do Paran\u00e1 \u00e9 constante por a\u00e7\u00e3o dos agentes municipais de sa\u00fade e passa a ser intensificado na cidade com orienta\u00e7\u00e3o da Vigil\u00e2ncia Epidemiol\u00f3gica da Secretaria de Sa\u00fade da Prefeitura, por determina\u00e7\u00e3o do prefeito Rud\u00e3o Gimenes.<\/p>\n\n\n\n<p>Na manh\u00e3 desta quarta (6), uma a\u00e7\u00e3o conjunta de combate ao mosquito Aedes Aegypti, envolveu agentes de sa\u00fade, servidores e volunt\u00e1rios percorrendo as ruas dos balne\u00e1rios Beltrami, Mon\u00e7\u00f5es, Jardim Canad\u00e1 e Jacarand\u00e1.<\/p>\n\n\n\n<p>Outros balne\u00e1rios receber\u00e3o a a\u00e7\u00e3o nos pr\u00f3ximos dias. Antes da sa\u00edda, o grupo se concentrou em frente \u00e0 Prefeitura para uma breve reuni\u00e3o com o prefeito. Rud\u00e3o lembrou que \u00e9 fundamental eliminar os criadouros do mosquito e que Pontal do Paran\u00e1 conta com a participa\u00e7\u00e3o de todos.<\/p>\n\n\n\n<p>\u201cN\u00e3o podemos permitir o que est\u00e1 acontecendo em v\u00e1rios munic\u00edpios, a lota\u00e7\u00e3o dos Pronto Atendimento 24 Horas\u201d, alertou o prefeito, agradecendo o envolvimento da equipe.<\/p>\n\n\n\n<p>A DENGUE: \u00c9 uma doen\u00e7a infecciosa que causa febre aguda. Ela \u00e9 transmitida pelo mosquito Aedes Aegypti e, por mais que seja popularmente conhecida, ainda falta muito conhecimento sobre o assunto.<\/p>\n\n\n\n<p>\u00c9 importante ressaltar o que realmente funciona e traz resultados como manter o quintal limpo e livre do ac\u00famulo de \u00e1gua parada. Com a alta densidade de chuvas em Pontal do Paran\u00e1 os focos do mosquito t\u00eam aumentado. Precisamos estar alertas!<\/p>\n\n\n\n<p>DICAS NO COMBATE \u00c0 DENGUE:<br>1)Descarte os res\u00edduos dom\u00e9sticos em sacos devidamente fechados e nos dias de coleta.<br>2)Descarte os restos de obras e entulhos em ca\u00e7ambas, os entulhos jogados em lotes vagos podem se transformar em criadouros e afetar um balne\u00e1rio inteiro.<br>3)Sentido qualquer sintoma procure um m\u00e9dico, hidrate-se, fa\u00e7a uma varredura em seu quintal e alerte os vizinhos. Os sintomas s\u00e3o: febre alta com in\u00edcio s\u00fabito, dores musculares intensas, dor ao movimentar os olhos, mal-estar, falta de apetite, dor de cabe\u00e7a, manchas vermelhas no corpo.<br>4)Voc\u00ea \u00e9 um agente exterminador da prolifera\u00e7\u00e3o dos transmissores da dengue limpando e acabando com os lugares prop\u00edcios \u00e0 sua reprodu\u00e7\u00e3o. Dengue pode matar: ao ter sintomas, procure um m\u00e9dico.<\/p>\n\n\n\n<h1 class=\"wp-block-heading\">pontalquecresce<\/h1>\n\n\n\n<h1 class=\"wp-block-heading\">pontalquecuida<\/h1>\n\n\n\n<h1 class=\"wp-block-heading\">pontalparticipa<\/h1>\n\n\n\n<h1 class=\"wp-block-heading\">pontaldoparana\u0301<\/h1>\n\n\n\n<h1 class=\"wp-block-heading\">PrefeituradePontaldoParana<\/h1>\n\n\n\n<h1 class=\"wp-block-heading\">secretariadesa\u00fadepontaldoparan\u00e1<\/h1>\n\n\n\n<h1 class=\"wp-block-heading\">pontalcontraadengue<\/h1>\n\n\n\n<h1 class=\"wp-block-heading\">xomosquito<\/h1>\n\n\n\n<h1 class=\"wp-block-heading\">litoralpr<\/h1>\n\n\n\n<h1 class=\"wp-block-heading\">litoralparanaense<\/h1>\n","protected":false},"excerpt":{"rendered":"<p>O combate \u00e0 Dengue em Pontal do Paran\u00e1 \u00e9 constante por a\u00e7\u00e3o dos agentes municipais de sa\u00fade e passa a ser intensificado na cidade com orienta\u00e7\u00e3o da Vigil\u00e2ncia Epidemiol\u00f3gica da Secretaria de Sa\u00fade da Prefeitura, por determina\u00e7\u00e3o do prefeito Rud\u00e3o Gimenes. Na manh\u00e3 desta quarta (6), uma a\u00e7\u00e3o conjunta de combate ao mosquito Aedes Aegypti, [&hellip;]<\/p>\n","protected":false},"author":2,"featured_media":58147,"comment_status":"open","ping_status":"open","sticky":false,"template":"","format":"standard","meta":{"advanced_seo_description":"","jetpack_seo_html_title":"","jetpack_seo_noindex":false,"_jetpack_memberships_contains_paid_content":false,"footnotes":""},"categories":[65],"tags":[318],"class_list":{"0":"post-58146","1":"post","2":"type-post","3":"status-publish","4":"format-standard","5":"has-post-thumbnail","7":"category-pontal-do-parana","8":"tag-pontal-do-parana"},"jetpack_featured_media_url":"https:\/\/www.paranapraia.com.br\/wp-content\/uploads\/2024\/03\/FB_IMG_1709757892710-scaled.jpg","jetpack_sharing_enabled":true,"_links":{"self":[{"href":"https:\/\/www.paranapraia.com.br\/index.php\/wp-json\/wp\/v2\/posts\/58146"}],"collection":[{"href":"https:\/\/www.paranapraia.com.br\/index.php\/wp-json\/wp\/v2\/posts"}],"about":[{"href":"https:\/\/www.paranapraia.com.br\/index.php\/wp-json\/wp\/v2\/types\/post"}],"author":[{"embeddable":true,"href":"https:\/\/www.paranapraia.com.br\/index.php\/wp-json\/wp\/v2\/users\/2"}],"replies":[{"embeddable":true,"href":"https:\/\/www.paranapraia.com.br\/index.php\/wp-json\/wp\/v2\/comments?post=58146"}],"version-history":[{"count":1,"href":"https:\/\/www.paranapraia.com.br\/index.php\/wp-json\/wp\/v2\/posts\/58146\/revisions"}],"predecessor-version":[{"id":58148,"href":"https:\/\/www.paranapraia.com.br\/index.php\/wp-json\/wp\/v2\/posts\/58146\/revisions\/58148"}],"wp:featuredmedia":[{"embeddable":true,"href":"https:\/\/www.paranapraia.com.br\/index.php\/wp-json\/wp\/v2\/media\/58147"}],"wp:attachment":[{"href":"https:\/\/www.paranapraia.com.br\/index.php\/wp-json\/wp\/v2\/media?parent=58146"}],"wp:term":[{"taxonomy":"category","embeddable":true,"href":"https:\/\/www.paranapraia.com.br\/index.php\/wp-json\/wp\/v2\/categories?post=58146"},{"taxonomy":"post_tag","embeddable":true,"href":"https:\/\/www.paranapraia.com.br\/index.php\/wp-json\/wp\/v2\/tags?post=58146"}],"curies":[{"name":"wp","href":"https:\/\/api.w.org\/{rel}","templated":true}]}}