{"id":58143,"date":"2024-03-06T17:39:08","date_gmt":"2024-03-06T20:39:08","guid":{"rendered":"https:\/\/www.paranapraia.com.br\/?p=58143"},"modified":"2024-03-06T17:39:12","modified_gmt":"2024-03-06T20:39:12","slug":"mercado-de-pontal-do-parana-contrata-100-funcionarios-para-nova-loja-de-canoas-veja-vagas","status":"publish","type":"post","link":"https:\/\/www.paranapraia.com.br\/index.php\/2024\/03\/06\/mercado-de-pontal-do-parana-contrata-100-funcionarios-para-nova-loja-de-canoas-veja-vagas\/","title":{"rendered":"Mercado de Pontal do Paran\u00e1 contrata 100 funcion\u00e1rios para nova loja de Canoas. Veja vagas!"},"content":{"rendered":"\n<p>O Super Rede Atacadista, rede de supermercados sediada em Matinhos e que j\u00e1 possui duas lojas em Pontal do Paran\u00e1 (Praia de Leste e Ipanema) vai inaugurar sua terceira unidade na cidade, em fase final de constru\u00e7\u00e3o no Balne\u00e1rio Canoas (PR 412). A data de inaugura\u00e7\u00e3o ser\u00e1 informada nas pr\u00f3ximas semanas.<\/p>\n\n\n\n<p>O processo de contrata\u00e7\u00e3o dos 100 primeiros funcion\u00e1rios ser\u00e1 realizado pela empresa na Ag\u00eancia do Trabalhador em Praia de Leste (Avenida Baronesa do Cerro Azul, 386, Centro) nos dias 7 e 8 (quinta e sexta) a partir das 9 horas. Os candidatos (as) interessados (as) devem comparecer levando curr\u00edculo e documentos pessoais, incluindo RG e CPF e Carteira de Trabalho.<\/p>\n\n\n\n<p>A Ag\u00eancia do Trabalhador prepara a opera\u00e7\u00e3o com tr\u00eas recrutadores exclusivos, sendo um profissional de Recursos Humanos do grupo supermercadista e dois agentes p\u00fablicos da Secretaria de Turismo e Desenvolvimento Econ\u00f4mico da Prefeitura de Pontal do Paran\u00e1. As vagas dispon\u00edveis s\u00e3o para os setores administrativo, caixa, reposi\u00e7\u00e3o de mercadorias, fiscais de loja, a\u00e7ougue, padaria, hortifruti, servi\u00e7os gerais e outros.<\/p>\n\n\n\n<p>PONTAL QUE GERA EMPREGO: Albor Neto, gerente da Ag\u00eancia do Trabalhador, refor\u00e7a que a instala\u00e7\u00e3o de mais um grande supermercado na cidade mostra que o consumo \u00e9 crescente. \u201cS\u00e3o as primeiras 100 vagas para formar a equipe que vai inaugurar a nova loja. Vamos atuar intensamente com tr\u00eas recrutadores nesses dois dias para que a empresa possa fazer as contrata\u00e7\u00f5es imediatamente\u201d, antecipa o gerente.<\/p>\n\n\n\n<p>PONTAL QUE CRESCE: O prefeito Rud\u00e3o Gimenes refor\u00e7ou a import\u00e2ncia da amplia\u00e7\u00e3o dos neg\u00f3cios do Super Rede em Pontal do Paran\u00e1 e comemorou a gera\u00e7\u00e3o imediata de novos empregos. \u201cEstamos entre as cidades que mais crescem no Paran\u00e1 e o crescimento do Super Rede tamb\u00e9m nos mostra isso. Estamos no melhor momento econ\u00f4mico do nosso munic\u00edpio. Nesse momento vamos dar condi\u00e7\u00f5es para que tenhamos uma opera\u00e7\u00e3o de recrutamento \u00e1gil e eficiente para que o mercado de trabalho local amplie cada vez mais, quem sabe at\u00e9 com mais de 100 vagas. Gerar emprego e renda sempre esteve entre nossas prioridades\u201d, disse Rud\u00e3o.<\/p>\n\n\n\n<p>O QUE? Entrevistas para 100 vagas no Super Rede Canoas.<br>QUANDO? Quinta e sexta (7 e 8 de mar\u00e7o de 2024).<br>ONDE? Ag\u00eancia do Trabalhador em Praia de Leste.<br>HOR\u00c1RIO? A partir das 9 horas. Levar documentos pessoais.<br><\/p>\n\n\n\n<h1 class=\"wp-block-heading\">pontalquecresce<\/h1>\n\n\n\n<h1 class=\"wp-block-heading\">pontalquecuida<\/h1>\n\n\n\n<h1 class=\"wp-block-heading\">pontalparticipa<\/h1>\n\n\n\n<h1 class=\"wp-block-heading\">pontaldoparana\u0301<\/h1>\n\n\n\n<h1 class=\"wp-block-heading\">PrefeituradePontaldoParana<\/h1>\n\n\n\n<h1 class=\"wp-block-heading\">secretariadeturismoedesenvolvimentoecon\u00f4mico<\/h1>\n\n\n\n<h1 class=\"wp-block-heading\">ag\u00eanciadotrabalhadorpontaldoparan\u00e1<\/h1>\n\n\n\n<h1 class=\"wp-block-heading\">litoralpr<\/h1>\n\n\n\n<h1 class=\"wp-block-heading\">litoralparanaense<\/h1>\n","protected":false},"excerpt":{"rendered":"<p>O Super Rede Atacadista, rede de supermercados sediada em Matinhos e que j\u00e1 possui duas lojas em Pontal do Paran\u00e1 (Praia de Leste e Ipanema) vai inaugurar sua terceira unidade na cidade, em fase final de constru\u00e7\u00e3o no Balne\u00e1rio Canoas (PR 412). A data de inaugura\u00e7\u00e3o ser\u00e1 informada nas pr\u00f3ximas semanas. O processo de contrata\u00e7\u00e3o [&hellip;]<\/p>\n","protected":false},"author":2,"featured_media":58144,"comment_status":"open","ping_status":"open","sticky":false,"template":"","format":"standard","meta":{"advanced_seo_description":"","jetpack_seo_html_title":"","jetpack_seo_noindex":false,"_jetpack_memberships_contains_paid_content":false,"footnotes":""},"categories":[65],"tags":[318],"class_list":{"0":"post-58143","1":"post","2":"type-post","3":"status-publish","4":"format-standard","5":"has-post-thumbnail","7":"category-pontal-do-parana","8":"tag-pontal-do-parana"},"jetpack_featured_media_url":"https:\/\/www.paranapraia.com.br\/wp-content\/uploads\/2024\/03\/CAPA-YOUTUBE-0-LICO-1080-x-1080-px-1280-x-720-px_20240306_173814_0000.png","jetpack_sharing_enabled":true,"_links":{"self":[{"href":"https:\/\/www.paranapraia.com.br\/index.php\/wp-json\/wp\/v2\/posts\/58143"}],"collection":[{"href":"https:\/\/www.paranapraia.com.br\/index.php\/wp-json\/wp\/v2\/posts"}],"about":[{"href":"https:\/\/www.paranapraia.com.br\/index.php\/wp-json\/wp\/v2\/types\/post"}],"author":[{"embeddable":true,"href":"https:\/\/www.paranapraia.com.br\/index.php\/wp-json\/wp\/v2\/users\/2"}],"replies":[{"embeddable":true,"href":"https:\/\/www.paranapraia.com.br\/index.php\/wp-json\/wp\/v2\/comments?post=58143"}],"version-history":[{"count":1,"href":"https:\/\/www.paranapraia.com.br\/index.php\/wp-json\/wp\/v2\/posts\/58143\/revisions"}],"predecessor-version":[{"id":58145,"href":"https:\/\/www.paranapraia.com.br\/index.php\/wp-json\/wp\/v2\/posts\/58143\/revisions\/58145"}],"wp:featuredmedia":[{"embeddable":true,"href":"https:\/\/www.paranapraia.com.br\/index.php\/wp-json\/wp\/v2\/media\/58144"}],"wp:attachment":[{"href":"https:\/\/www.paranapraia.com.br\/index.php\/wp-json\/wp\/v2\/media?parent=58143"}],"wp:term":[{"taxonomy":"category","embeddable":true,"href":"https:\/\/www.paranapraia.com.br\/index.php\/wp-json\/wp\/v2\/categories?post=58143"},{"taxonomy":"post_tag","embeddable":true,"href":"https:\/\/www.paranapraia.com.br\/index.php\/wp-json\/wp\/v2\/tags?post=58143"}],"curies":[{"name":"wp","href":"https:\/\/api.w.org\/{rel}","templated":true}]}}