{"id":58137,"date":"2024-03-05T15:41:20","date_gmt":"2024-03-05T18:41:20","guid":{"rendered":"https:\/\/www.paranapraia.com.br\/?p=58137"},"modified":"2024-03-05T15:41:33","modified_gmt":"2024-03-05T18:41:33","slug":"policia-militar-inicia-o-1-ciclo-do-proerd-nas-escolas-de-guaratuba","status":"publish","type":"post","link":"https:\/\/www.paranapraia.com.br\/index.php\/2024\/03\/05\/policia-militar-inicia-o-1-ciclo-do-proerd-nas-escolas-de-guaratuba\/","title":{"rendered":"Pol\u00edcia Militar inicia o 1\u00b0 ciclo do PROERD nas escolas de Guaratuba"},"content":{"rendered":"\n<p>Na segunda-feira (26) o Programa Educacional de Resist\u00eancia \u00e0s Drogas e \u00e0 Viol\u00eancia (PROERD), iniciou seu 1\u00ba ciclo na rede municipal de ensino de Guaratuba pelo soldado da Pol\u00edcia Militar Elias Alves de Fran\u00e7a Junior. Neste ano 1.119 estudantes receber\u00e3o a forma\u00e7\u00e3o.<\/p>\n\n\n\n<p><br>O programa conta com uma novidade, a inclus\u00e3o da Educa\u00e7\u00e3o Infantil (PROERD Kids), para crian\u00e7as matriculadas no Infantil 5.<\/p>\n\n\n\n<p><br>Em Guaratuba o conv\u00eanio prev\u00ea a aplica\u00e7\u00e3o do PROERD uma vez por semana em 10 escolas municipais da \u00e1rea urbana, sendo 21 turmas do 5\u00ba ano (586 alunos) e 19 turmas do Infantil 5 (533 alunos).<\/p>\n\n\n\n<p><br>A aplica\u00e7\u00e3o \u00e9 realizada por policiais militares treinados e se d\u00e1 atrav\u00e9s de atividades l\u00fadicas, a metodologia adotada \u00e9 especialmente voltada para crian\u00e7as.<br>O objetivo \u00e9 transmitir uma mensagem de valoriza\u00e7\u00e3o \u00e0 vida, e da import\u00e2ncia de manter-se longe das drogas e da viol\u00eancia.<\/p>\n\n\n\n<p> No PROERD os pais s\u00e3o refor\u00e7ados sobre a import\u00e2ncia da amizade e da supervis\u00e3o com os filhos. O programa encerra com a formatura na qual as crian\u00e7as do 5\u00ba ano desenvolvem uma reda\u00e7\u00e3o sobre o aprendizado, recebem o certificado PROERD e o compromisso de manterem-se afastados e longe das drogas e da viol\u00eancia.<\/p>\n\n\n\n<p><br>O programa \u00e9 pedagogicamente estruturado em li\u00e7\u00f5es ministradas obrigatoriamente por um policial militar fardado, que al\u00e9m da sua presen\u00e7a f\u00edsica em sala de aula como educador social, propicia um forte elo na comunidade escolar em que atua, fortalecendo o trin\u00f4mio: Pol\u00edcia Militar, Escola e Fam\u00edlia.<\/p>\n\n\n\n<h1 class=\"wp-block-heading\">prefsguaratuba #litoralpr #guaratubapr #educa\u00e7\u00e3o #educaguar\u00e1 #Proerd<\/h1>\n","protected":false},"excerpt":{"rendered":"<p>Na segunda-feira (26) o Programa Educacional de Resist\u00eancia \u00e0s Drogas e \u00e0 Viol\u00eancia (PROERD), iniciou seu 1\u00ba ciclo na rede municipal de ensino de Guaratuba pelo soldado da Pol\u00edcia Militar Elias Alves de Fran\u00e7a Junior. Neste ano 1.119 estudantes receber\u00e3o a forma\u00e7\u00e3o. O programa conta com uma novidade, a inclus\u00e3o da Educa\u00e7\u00e3o Infantil (PROERD Kids), [&hellip;]<\/p>\n","protected":false},"author":2,"featured_media":58138,"comment_status":"open","ping_status":"open","sticky":false,"template":"","format":"standard","meta":{"advanced_seo_description":"","jetpack_seo_html_title":"","jetpack_seo_noindex":false,"_jetpack_memberships_contains_paid_content":false,"footnotes":""},"categories":[99],"tags":[],"class_list":{"0":"post-58137","1":"post","2":"type-post","3":"status-publish","4":"format-standard","5":"has-post-thumbnail","7":"category-guaratuba"},"jetpack_featured_media_url":"https:\/\/www.paranapraia.com.br\/wp-content\/uploads\/2024\/03\/FB_IMG_1709663983469-scaled.jpg","jetpack_sharing_enabled":true,"_links":{"self":[{"href":"https:\/\/www.paranapraia.com.br\/index.php\/wp-json\/wp\/v2\/posts\/58137"}],"collection":[{"href":"https:\/\/www.paranapraia.com.br\/index.php\/wp-json\/wp\/v2\/posts"}],"about":[{"href":"https:\/\/www.paranapraia.com.br\/index.php\/wp-json\/wp\/v2\/types\/post"}],"author":[{"embeddable":true,"href":"https:\/\/www.paranapraia.com.br\/index.php\/wp-json\/wp\/v2\/users\/2"}],"replies":[{"embeddable":true,"href":"https:\/\/www.paranapraia.com.br\/index.php\/wp-json\/wp\/v2\/comments?post=58137"}],"version-history":[{"count":1,"href":"https:\/\/www.paranapraia.com.br\/index.php\/wp-json\/wp\/v2\/posts\/58137\/revisions"}],"predecessor-version":[{"id":58139,"href":"https:\/\/www.paranapraia.com.br\/index.php\/wp-json\/wp\/v2\/posts\/58137\/revisions\/58139"}],"wp:featuredmedia":[{"embeddable":true,"href":"https:\/\/www.paranapraia.com.br\/index.php\/wp-json\/wp\/v2\/media\/58138"}],"wp:attachment":[{"href":"https:\/\/www.paranapraia.com.br\/index.php\/wp-json\/wp\/v2\/media?parent=58137"}],"wp:term":[{"taxonomy":"category","embeddable":true,"href":"https:\/\/www.paranapraia.com.br\/index.php\/wp-json\/wp\/v2\/categories?post=58137"},{"taxonomy":"post_tag","embeddable":true,"href":"https:\/\/www.paranapraia.com.br\/index.php\/wp-json\/wp\/v2\/tags?post=58137"}],"curies":[{"name":"wp","href":"https:\/\/api.w.org\/{rel}","templated":true}]}}