{"id":58085,"date":"2024-02-29T17:31:11","date_gmt":"2024-02-29T20:31:11","guid":{"rendered":"https:\/\/www.paranapraia.com.br\/?p=58085"},"modified":"2024-03-01T17:32:33","modified_gmt":"2024-03-01T20:32:33","slug":"com-apoio-do-estado-operadora-vai-apresentar-atrativos-do-parana-a-100-agentes-de-viagens","status":"publish","type":"post","link":"https:\/\/www.paranapraia.com.br\/index.php\/2024\/02\/29\/com-apoio-do-estado-operadora-vai-apresentar-atrativos-do-parana-a-100-agentes-de-viagens\/","title":{"rendered":"Com apoio do Estado, operadora vai apresentar atrativos do Paran\u00e1 a 100 agentes de viagens"},"content":{"rendered":"\n<p>Os atrativos tur\u00edsticos da Capital, Litoral e Campos Gerais ser\u00e3o apresentados, a partir deste s\u00e1bado (02) e at\u00e9 o dia 08 de mar\u00e7o, para mais de 100 agentes de viagens durante o 2\u00ba Integra BWT. A a\u00e7\u00e3o \u00e9 organizada pela BWT Operadora, com apoio do Governo do Paran\u00e1, atrav\u00e9s da Secretaria do Turismo e do Viaje Paran\u00e1. Ao todo, ser\u00e3o sete dias de imers\u00e3o por pontos tur\u00edsticos. Os participantes ter\u00e3o acesso aos atrativos e tamb\u00e9m informa\u00e7\u00f5es sobre a gastronomia para que ofere\u00e7am pacotes mais qualificados.&nbsp;<\/p>\n\n\n\n<p>Os 100 agentes e profissionais trabalham em Ribeir\u00e3o Preto (SP), S\u00e3o Paulo (SP), Porto Alegre (RS), Rio de Janeiro (RJ), Bras\u00edlia (DF), Vit\u00f3ria (ES), Campinas (SP), Campo Grande (MS) e Belo Horizonte (MG).<\/p>\n\n\n\n<p>Na segunda-feira (04), o secret\u00e1rio do Turismo, M\u00e1rcio Nunes, participa da capacita\u00e7\u00e3o em Matinhos, no Litoral. O&nbsp;dia ser\u00e1 de troca de experi\u00eancias e rodada de neg\u00f3cios entre os participantes.&nbsp;\u201cEstamos apresentando nossos produtos estruturados para o turismo em diversas feiras e eventos nacionais e internacionais. Nosso foco \u00e9 contar ao mundo que temos potencial e que podemos fazer parte, ainda mais, do roteiro dos turistas de todas as origens\u201d, afirma.<\/p>\n\n\n\n<ul class=\"wp-block-list\">\n<li><\/li>\n<\/ul>\n\n\n\n<p>AEN<\/p>\n","protected":false},"excerpt":{"rendered":"<p>Os atrativos tur\u00edsticos da Capital, Litoral e Campos Gerais ser\u00e3o apresentados, a partir deste s\u00e1bado (02) e at\u00e9 o dia 08 de mar\u00e7o, para mais de 100 agentes de viagens durante o 2\u00ba Integra BWT. A a\u00e7\u00e3o \u00e9 organizada pela BWT Operadora, com apoio do Governo do Paran\u00e1, atrav\u00e9s da Secretaria do Turismo e do [&hellip;]<\/p>\n","protected":false},"author":2,"featured_media":58086,"comment_status":"open","ping_status":"open","sticky":false,"template":"","format":"standard","meta":{"advanced_seo_description":"","jetpack_seo_html_title":"","jetpack_seo_noindex":false,"_jetpack_memberships_contains_paid_content":false,"footnotes":""},"categories":[40],"tags":[],"class_list":{"0":"post-58085","1":"post","2":"type-post","3":"status-publish","4":"format-standard","5":"has-post-thumbnail","7":"category-destaques"},"jetpack_featured_media_url":"https:\/\/www.paranapraia.com.br\/wp-content\/uploads\/2024\/03\/vila_velha_jose_fernando_ogura_arquivo_aen_2-scaled.jpg","jetpack_sharing_enabled":true,"_links":{"self":[{"href":"https:\/\/www.paranapraia.com.br\/index.php\/wp-json\/wp\/v2\/posts\/58085"}],"collection":[{"href":"https:\/\/www.paranapraia.com.br\/index.php\/wp-json\/wp\/v2\/posts"}],"about":[{"href":"https:\/\/www.paranapraia.com.br\/index.php\/wp-json\/wp\/v2\/types\/post"}],"author":[{"embeddable":true,"href":"https:\/\/www.paranapraia.com.br\/index.php\/wp-json\/wp\/v2\/users\/2"}],"replies":[{"embeddable":true,"href":"https:\/\/www.paranapraia.com.br\/index.php\/wp-json\/wp\/v2\/comments?post=58085"}],"version-history":[{"count":1,"href":"https:\/\/www.paranapraia.com.br\/index.php\/wp-json\/wp\/v2\/posts\/58085\/revisions"}],"predecessor-version":[{"id":58087,"href":"https:\/\/www.paranapraia.com.br\/index.php\/wp-json\/wp\/v2\/posts\/58085\/revisions\/58087"}],"wp:featuredmedia":[{"embeddable":true,"href":"https:\/\/www.paranapraia.com.br\/index.php\/wp-json\/wp\/v2\/media\/58086"}],"wp:attachment":[{"href":"https:\/\/www.paranapraia.com.br\/index.php\/wp-json\/wp\/v2\/media?parent=58085"}],"wp:term":[{"taxonomy":"category","embeddable":true,"href":"https:\/\/www.paranapraia.com.br\/index.php\/wp-json\/wp\/v2\/categories?post=58085"},{"taxonomy":"post_tag","embeddable":true,"href":"https:\/\/www.paranapraia.com.br\/index.php\/wp-json\/wp\/v2\/tags?post=58085"}],"curies":[{"name":"wp","href":"https:\/\/api.w.org\/{rel}","templated":true}]}}