{"id":58068,"date":"2024-02-28T18:26:56","date_gmt":"2024-02-28T21:26:56","guid":{"rendered":"https:\/\/www.paranapraia.com.br\/?p=58068"},"modified":"2024-02-28T18:26:56","modified_gmt":"2024-02-28T21:26:56","slug":"estado-e-pontal-do-parana-assinam-ordem-de-servico-do-contorno-de-praia-de-leste","status":"publish","type":"post","link":"https:\/\/www.paranapraia.com.br\/index.php\/2024\/02\/28\/estado-e-pontal-do-parana-assinam-ordem-de-servico-do-contorno-de-praia-de-leste\/","title":{"rendered":"Estado e Pontal do Paran\u00e1 assinam ordem de servi\u00e7o do contorno de Praia de Leste"},"content":{"rendered":"\n<p>O Governo do Estado, por meio da Secretaria de Infraestrutura e Log\u00edstica (SEIL), e a Prefeitura Municipal de Pontal do Paran\u00e1 assinaram nesta quarta-feira (28) a ordem de servi\u00e7o da implanta\u00e7\u00e3o do contorno municipal de Praia de Leste, no Litoral.<\/p>\n\n\n\n<p>A obra prev\u00ea a pavimenta\u00e7\u00e3o asf\u00e1ltica de trechos da Rua Dom Alfredo E. Novak, Rua Nelson Medrado, Rua No\u00eamio Gabriel Simas e Avenida Padre Joaquim, em um total de cerca de 2 quil\u00f4metros. Tamb\u00e9m est\u00e3o previstos servi\u00e7os de melhoria do sistema de drenagem de \u00e1guas e de sinaliza\u00e7\u00e3o horizontal e vertical, entre outros.<\/p>\n\n\n\n<p>Ser\u00e3o duas faixas de rolamento de 3,3 metros cada em todas as ruas, al\u00e9m de cal\u00e7adas e estacionamentos. A obra vai substituir cerca de 1.300 metros de vias com blocos de concreto sextavados e outros 700 metros de via n\u00e3o-pavimentada, sendo utilizado o concreto betuminoso usinado a quente (CBUQ), massa asf\u00e1ltica t\u00edpica de rodovias.<\/p>\n\n\n\n<p>\u201cEst\u00e1vamos aguardando o final da alta temporada para que n\u00e3o houvesse um preju\u00edzo \u00e0 mobilidade, j\u00e1 que tivemos um ver\u00e3o recorde de p\u00fablico. Mas agora estamos iniciando essa nova obra, para que possamos dar uma solu\u00e7\u00e3o ao fluxo intenso que temos aqui em Pontal\u201d, afirmou o secret\u00e1rio de Infraestrutura e Log\u00edstica, Sandro Alex. \u201cInicialmente era um bin\u00e1rio, mas agora estamos trazendo um contorno para que haja essa mobilidade entre os balne\u00e1rios e que a popula\u00e7\u00e3o possa ter um deslocamento melhor\u201d.<\/p>\n\n\n\n<p>O contorno composto por estas vias municipais ser\u00e1 utilizado como uma rota alternativa para o tr\u00e1fego de ve\u00edculos da PR-407, tanto de entrada quanto de sa\u00edda no munic\u00edpio, solucionando os pontos de congestionamento na regi\u00e3o.<\/p>\n\n\n\n<p>O investimento \u00e9 de R$ 9.129.634,58, sendo R$ 8.673.152,85 da SEIL e R$ 456.481,73 de contrapartida do munic\u00edpio. O prazo de execu\u00e7\u00e3o \u00e9 de 360 dias, cabendo ao Departamento de Estradas de Rodagem do Paran\u00e1 (DER\/PR) acompanhar e fiscalizar o seu andamento, que ser\u00e1 administrado pela prefeitura municipal.<\/p>\n\n\n\n<p><strong>PRESEN\u00c7AS\u00a0<\/strong>\u2013 Tamb\u00e9m participaram do evento o diretor-geral do Detran-PR, Adriano Furtado; o deputado estadual Anibelli Neto; o prefeito de Paranagu\u00e1, Marcelo Roque; e outras lideran\u00e7as municipais.<\/p>\n\n\n\n<p>AEN<\/p>\n","protected":false},"excerpt":{"rendered":"<p>O Governo do Estado, por meio da Secretaria de Infraestrutura e Log\u00edstica (SEIL), e a Prefeitura Municipal de Pontal do Paran\u00e1 assinaram nesta quarta-feira (28) a ordem de servi\u00e7o da implanta\u00e7\u00e3o do contorno municipal de Praia de Leste, no Litoral. A obra prev\u00ea a pavimenta\u00e7\u00e3o asf\u00e1ltica de trechos da Rua Dom Alfredo E. Novak, Rua [&hellip;]<\/p>\n","protected":false},"author":2,"featured_media":58069,"comment_status":"open","ping_status":"open","sticky":false,"template":"","format":"standard","meta":{"advanced_seo_description":"","jetpack_seo_html_title":"","jetpack_seo_noindex":false,"_jetpack_memberships_contains_paid_content":false,"footnotes":""},"categories":[65],"tags":[],"class_list":{"0":"post-58068","1":"post","2":"type-post","3":"status-publish","4":"format-standard","5":"has-post-thumbnail","7":"category-pontal-do-parana"},"jetpack_featured_media_url":"https:\/\/www.paranapraia.com.br\/wp-content\/uploads\/2024\/02\/image00006_6-scaled.jpg","jetpack_sharing_enabled":true,"_links":{"self":[{"href":"https:\/\/www.paranapraia.com.br\/index.php\/wp-json\/wp\/v2\/posts\/58068"}],"collection":[{"href":"https:\/\/www.paranapraia.com.br\/index.php\/wp-json\/wp\/v2\/posts"}],"about":[{"href":"https:\/\/www.paranapraia.com.br\/index.php\/wp-json\/wp\/v2\/types\/post"}],"author":[{"embeddable":true,"href":"https:\/\/www.paranapraia.com.br\/index.php\/wp-json\/wp\/v2\/users\/2"}],"replies":[{"embeddable":true,"href":"https:\/\/www.paranapraia.com.br\/index.php\/wp-json\/wp\/v2\/comments?post=58068"}],"version-history":[{"count":1,"href":"https:\/\/www.paranapraia.com.br\/index.php\/wp-json\/wp\/v2\/posts\/58068\/revisions"}],"predecessor-version":[{"id":58070,"href":"https:\/\/www.paranapraia.com.br\/index.php\/wp-json\/wp\/v2\/posts\/58068\/revisions\/58070"}],"wp:featuredmedia":[{"embeddable":true,"href":"https:\/\/www.paranapraia.com.br\/index.php\/wp-json\/wp\/v2\/media\/58069"}],"wp:attachment":[{"href":"https:\/\/www.paranapraia.com.br\/index.php\/wp-json\/wp\/v2\/media?parent=58068"}],"wp:term":[{"taxonomy":"category","embeddable":true,"href":"https:\/\/www.paranapraia.com.br\/index.php\/wp-json\/wp\/v2\/categories?post=58068"},{"taxonomy":"post_tag","embeddable":true,"href":"https:\/\/www.paranapraia.com.br\/index.php\/wp-json\/wp\/v2\/tags?post=58068"}],"curies":[{"name":"wp","href":"https:\/\/api.w.org\/{rel}","templated":true}]}}