{"id":58064,"date":"2024-02-27T09:46:17","date_gmt":"2024-02-27T12:46:17","guid":{"rendered":"https:\/\/www.paranapraia.com.br\/?p=58064"},"modified":"2024-02-27T09:46:19","modified_gmt":"2024-02-27T12:46:19","slug":"area-rural-de-guaratuba-tera-mais-um-onibus-escolar","status":"publish","type":"post","link":"https:\/\/www.paranapraia.com.br\/index.php\/2024\/02\/27\/area-rural-de-guaratuba-tera-mais-um-onibus-escolar\/","title":{"rendered":"\u00c1rea rural de Guaratuba ter\u00e1 mais um \u00f4nibus escolar"},"content":{"rendered":"\n<p>Na segunda-feira (26) o prefeito Roberto Justus recebeu em seu gabinete, a chefe do N\u00facleo Regional de Educa\u00e7\u00e3o (NRE) Izabel Vieira de Souza, a assistente t\u00e9cnica do NRE Andr\u00e9a Salom\u00e3o, a diretora do Col\u00e9gio Estadual Rural do Cubat\u00e3o Clarice Ubessi, a secret\u00e1ria da Educa\u00e7\u00e3o Fernanda Monteiro e D\u00e9bora Ribeiro, respons\u00e1vel pelo transporte escolar do munic\u00edpio.<\/p>\n\n\n\n<p><br>O NRE solicitou a reuni\u00e3o com o objetivo de pedir mais um \u00f4nibus escolar para atuar no transporte das crian\u00e7as da \u00e1rea rural de Guaratuba.<\/p>\n\n\n\n<p><br>Durante a reuni\u00e3o foi discutido sobre a dificuldade dos alunos com o transporte escolar rural, pois a quantidade atual de \u00f4nibus n\u00e3o \u00e9 suficiente para atender todos os alunos.<br>O prefeito Roberto Justus solicitou a Secretaria Municipal da Educa\u00e7\u00e3o que a equipe respons\u00e1vel d\u00ea in\u00edcio a contrata\u00e7\u00e3o de mais um \u00f4nibus escolar para atuar no trajeto de 130km da \u00e1rea rural.<\/p>\n\n\n\n<p><br>Segundo o prefeito Roberto Justus, atender \u00e0 situa\u00e7\u00e3o dos alunos da \u00e1rea rural \u00e9 prioridade. \u201c\u00c9 um investimento que o munic\u00edpio vai fazer de mais de R$25 mil. N\u00f3s acreditamos que em menos de 30 dias, com certeza esta situa\u00e7\u00e3o estar\u00e1 resolvida\u201d, concluiu.<\/p>\n\n\n\n<h1 class=\"wp-block-heading\">prefsguaratuba #guaratuba #litoralpr #educacao #educaguar\u00e1<\/h1>\n","protected":false},"excerpt":{"rendered":"<p>Na segunda-feira (26) o prefeito Roberto Justus recebeu em seu gabinete, a chefe do N\u00facleo Regional de Educa\u00e7\u00e3o (NRE) Izabel Vieira de Souza, a assistente t\u00e9cnica do NRE Andr\u00e9a Salom\u00e3o, a diretora do Col\u00e9gio Estadual Rural do Cubat\u00e3o Clarice Ubessi, a secret\u00e1ria da Educa\u00e7\u00e3o Fernanda Monteiro e D\u00e9bora Ribeiro, respons\u00e1vel pelo transporte escolar do munic\u00edpio. [&hellip;]<\/p>\n","protected":false},"author":2,"featured_media":58065,"comment_status":"open","ping_status":"open","sticky":false,"template":"","format":"standard","meta":{"advanced_seo_description":"","jetpack_seo_html_title":"","jetpack_seo_noindex":false,"_jetpack_memberships_contains_paid_content":false,"footnotes":""},"categories":[99],"tags":[],"class_list":{"0":"post-58064","1":"post","2":"type-post","3":"status-publish","4":"format-standard","5":"has-post-thumbnail","7":"category-guaratuba"},"jetpack_featured_media_url":"https:\/\/www.paranapraia.com.br\/wp-content\/uploads\/2024\/02\/FB_IMG_1709037877294-scaled.jpg","jetpack_sharing_enabled":true,"_links":{"self":[{"href":"https:\/\/www.paranapraia.com.br\/index.php\/wp-json\/wp\/v2\/posts\/58064"}],"collection":[{"href":"https:\/\/www.paranapraia.com.br\/index.php\/wp-json\/wp\/v2\/posts"}],"about":[{"href":"https:\/\/www.paranapraia.com.br\/index.php\/wp-json\/wp\/v2\/types\/post"}],"author":[{"embeddable":true,"href":"https:\/\/www.paranapraia.com.br\/index.php\/wp-json\/wp\/v2\/users\/2"}],"replies":[{"embeddable":true,"href":"https:\/\/www.paranapraia.com.br\/index.php\/wp-json\/wp\/v2\/comments?post=58064"}],"version-history":[{"count":1,"href":"https:\/\/www.paranapraia.com.br\/index.php\/wp-json\/wp\/v2\/posts\/58064\/revisions"}],"predecessor-version":[{"id":58066,"href":"https:\/\/www.paranapraia.com.br\/index.php\/wp-json\/wp\/v2\/posts\/58064\/revisions\/58066"}],"wp:featuredmedia":[{"embeddable":true,"href":"https:\/\/www.paranapraia.com.br\/index.php\/wp-json\/wp\/v2\/media\/58065"}],"wp:attachment":[{"href":"https:\/\/www.paranapraia.com.br\/index.php\/wp-json\/wp\/v2\/media?parent=58064"}],"wp:term":[{"taxonomy":"category","embeddable":true,"href":"https:\/\/www.paranapraia.com.br\/index.php\/wp-json\/wp\/v2\/categories?post=58064"},{"taxonomy":"post_tag","embeddable":true,"href":"https:\/\/www.paranapraia.com.br\/index.php\/wp-json\/wp\/v2\/tags?post=58064"}],"curies":[{"name":"wp","href":"https:\/\/api.w.org\/{rel}","templated":true}]}}