{"id":58038,"date":"2024-02-23T12:20:36","date_gmt":"2024-02-23T15:20:36","guid":{"rendered":"https:\/\/www.paranapraia.com.br\/?p=58038"},"modified":"2024-02-23T12:20:42","modified_gmt":"2024-02-23T15:20:42","slug":"gratuito-sexta-tem-henrique-e-diego-e-sabado-ze-felipe-em-pontal-do-parana","status":"publish","type":"post","link":"https:\/\/www.paranapraia.com.br\/index.php\/2024\/02\/23\/gratuito-sexta-tem-henrique-e-diego-e-sabado-ze-felipe-em-pontal-do-parana\/","title":{"rendered":"Gratuito: Sexta tem Henrique e Diego e s\u00e1bado Z\u00e9 Felipe em Pontal do Paran\u00e1"},"content":{"rendered":"\n<p>O \u00faltimo final de semana da temporada de ver\u00e3o 23\/24 deve ser de grande movimento com muitos turistas e veranistas em Pontal do Paran\u00e1. Ser\u00e1 tamb\u00e9m o \u00faltimo final de semana com shows nacionais do Ver\u00e3o Maior Paran\u00e1 e o Centro de Eventos Marissol (Avenida Sete de Setembro, 1.661, Balne\u00e1rio Marissol) ter\u00e1 novamente duas noites com p\u00fablico de milhares de pessoas.<\/p>\n\n\n\n<p> Nesta sexta (23) tem a dupla Henrique&amp;Diego e no s\u00e1bado (24) tem o cantor Z\u00e9 Felipe. Os shows s\u00e3o gratuitos e come\u00e7am \u00e0s 21 horas.<\/p>\n\n\n\n<p>A promo\u00e7\u00e3o \u00e9 Governo do Paran\u00e1, com apoio da Prefeitura de Pontal do Paran\u00e1 por meio das secretarias municipais. Haver\u00e1 bloqueio de ruas no entorno at\u00e9 o final do show de s\u00e1bado. Para maior seguran\u00e7a do p\u00fablico, um decreto assinado pelo prefeito Rud\u00e3o Gimenes pro\u00edbe o porte, a venda e o consumo de bebidas em garrafas de vidro um raio de 300 metros do local dos shows, exceto dentro dos estabelecimentos que j\u00e1 atuam na regi\u00e3o.<\/p>\n\n\n\n<figure class=\"wp-block-gallery has-nested-images columns-1 is-cropped wp-block-gallery-1 is-layout-flex wp-block-gallery-is-layout-flex\">\n<figure class=\"wp-block-image size-large\"><img loading=\"lazy\" decoding=\"async\" width=\"1024\" height=\"1024\" data-id=\"58040\" src=\"https:\/\/www.paranapraia.com.br\/wp-content\/uploads\/2024\/02\/FB_IMG_1708701399855-1024x1024.jpg\" alt=\"\" class=\"wp-image-58040\" srcset=\"https:\/\/www.paranapraia.com.br\/wp-content\/uploads\/2024\/02\/FB_IMG_1708701399855-1024x1024.jpg 1024w, https:\/\/www.paranapraia.com.br\/wp-content\/uploads\/2024\/02\/FB_IMG_1708701399855-300x300.jpg 300w, https:\/\/www.paranapraia.com.br\/wp-content\/uploads\/2024\/02\/FB_IMG_1708701399855-150x150.jpg 150w, https:\/\/www.paranapraia.com.br\/wp-content\/uploads\/2024\/02\/FB_IMG_1708701399855-768x768.jpg 768w, https:\/\/www.paranapraia.com.br\/wp-content\/uploads\/2024\/02\/FB_IMG_1708701399855-696x696.jpg 696w, https:\/\/www.paranapraia.com.br\/wp-content\/uploads\/2024\/02\/FB_IMG_1708701399855-1068x1068.jpg 1068w, https:\/\/www.paranapraia.com.br\/wp-content\/uploads\/2024\/02\/FB_IMG_1708701399855-scaled.jpg 800w\" sizes=\"(max-width: 1024px) 100vw, 1024px\" \/><\/figure>\n\n\n\n<figure class=\"wp-block-image size-large\"><img loading=\"lazy\" decoding=\"async\" width=\"1024\" height=\"683\" data-id=\"58041\" src=\"https:\/\/www.paranapraia.com.br\/wp-content\/uploads\/2024\/02\/FB_IMG_1708701394607-1024x683.jpg\" alt=\"\" class=\"wp-image-58041\" srcset=\"https:\/\/www.paranapraia.com.br\/wp-content\/uploads\/2024\/02\/FB_IMG_1708701394607-1024x683.jpg 1024w, https:\/\/www.paranapraia.com.br\/wp-content\/uploads\/2024\/02\/FB_IMG_1708701394607-300x200.jpg 300w, https:\/\/www.paranapraia.com.br\/wp-content\/uploads\/2024\/02\/FB_IMG_1708701394607-768x512.jpg 768w, https:\/\/www.paranapraia.com.br\/wp-content\/uploads\/2024\/02\/FB_IMG_1708701394607-696x464.jpg 696w, https:\/\/www.paranapraia.com.br\/wp-content\/uploads\/2024\/02\/FB_IMG_1708701394607-1068x712.jpg 1068w, https:\/\/www.paranapraia.com.br\/wp-content\/uploads\/2024\/02\/FB_IMG_1708701394607-scaled.jpg 800w\" sizes=\"(max-width: 1024px) 100vw, 1024px\" \/><\/figure>\n\n\n\n<figure class=\"wp-block-image size-large\"><img loading=\"lazy\" decoding=\"async\" width=\"1024\" height=\"1024\" data-id=\"58042\" src=\"https:\/\/www.paranapraia.com.br\/wp-content\/uploads\/2024\/02\/FB_IMG_1708701392511-1024x1024.jpg\" alt=\"\" class=\"wp-image-58042\" srcset=\"https:\/\/www.paranapraia.com.br\/wp-content\/uploads\/2024\/02\/FB_IMG_1708701392511-1024x1024.jpg 1024w, https:\/\/www.paranapraia.com.br\/wp-content\/uploads\/2024\/02\/FB_IMG_1708701392511-300x300.jpg 300w, https:\/\/www.paranapraia.com.br\/wp-content\/uploads\/2024\/02\/FB_IMG_1708701392511-150x150.jpg 150w, https:\/\/www.paranapraia.com.br\/wp-content\/uploads\/2024\/02\/FB_IMG_1708701392511-768x768.jpg 768w, https:\/\/www.paranapraia.com.br\/wp-content\/uploads\/2024\/02\/FB_IMG_1708701392511-696x696.jpg 696w, https:\/\/www.paranapraia.com.br\/wp-content\/uploads\/2024\/02\/FB_IMG_1708701392511-1068x1068.jpg 1068w, https:\/\/www.paranapraia.com.br\/wp-content\/uploads\/2024\/02\/FB_IMG_1708701392511-scaled.jpg 800w\" sizes=\"(max-width: 1024px) 100vw, 1024px\" \/><\/figure>\n\n\n\n<figure class=\"wp-block-image size-full\"><img loading=\"lazy\" decoding=\"async\" width=\"800\" height=\"600\" data-id=\"58043\" src=\"https:\/\/www.paranapraia.com.br\/wp-content\/uploads\/2024\/02\/FB_IMG_1708701396876.jpg\" alt=\"\" class=\"wp-image-58043\" srcset=\"https:\/\/www.paranapraia.com.br\/wp-content\/uploads\/2024\/02\/FB_IMG_1708701396876.jpg 800w, https:\/\/www.paranapraia.com.br\/wp-content\/uploads\/2024\/02\/FB_IMG_1708701396876-300x225.jpg 300w, https:\/\/www.paranapraia.com.br\/wp-content\/uploads\/2024\/02\/FB_IMG_1708701396876-768x576.jpg 768w, https:\/\/www.paranapraia.com.br\/wp-content\/uploads\/2024\/02\/FB_IMG_1708701396876-696x522.jpg 696w\" sizes=\"(max-width: 800px) 100vw, 800px\" \/><\/figure>\n<\/figure>\n\n\n\n<p>Haver\u00e1 tr\u00eas hor\u00e1rios extras de \u00f4nibus na sexta e no s\u00e1bado (noturnos). Confira as tabelas com os hor\u00e1rios no site da Prefeitura. Chame a fam\u00edlia e os amigos. Chegue cedo e curta os \u00faltimos shows do ver\u00e3o.<\/p>\n\n\n\n<h1 class=\"wp-block-heading\">pontalquecresce<\/h1>\n\n\n\n<h1 class=\"wp-block-heading\">pontalquecuida<\/h1>\n\n\n\n<h1 class=\"wp-block-heading\">pontaldoparana<\/h1>\n\n\n\n<h1 class=\"wp-block-heading\">pontalparticipa<\/h1>\n\n\n\n<h1 class=\"wp-block-heading\">PrefeituradePontaldoParana<\/h1>\n\n\n\n<h1 class=\"wp-block-heading\">secretariadeesportesculturalazerejuventude<\/h1>\n\n\n\n<h1 class=\"wp-block-heading\">SecretariadeSeguran\u00e7aPublica<\/h1>\n\n\n\n<h1 class=\"wp-block-heading\">ver\u00e3omaiorparana<\/h1>\n\n\n\n<h1 class=\"wp-block-heading\">litoralpr<\/h1>\n\n\n\n<h1 class=\"wp-block-heading\">LitoralParanaense<\/h1>\n","protected":false},"excerpt":{"rendered":"<p>O \u00faltimo final de semana da temporada de ver\u00e3o 23\/24 deve ser de grande movimento com muitos turistas e veranistas em Pontal do Paran\u00e1. Ser\u00e1 tamb\u00e9m o \u00faltimo final de semana com shows nacionais do Ver\u00e3o Maior Paran\u00e1 e o Centro de Eventos Marissol (Avenida Sete de Setembro, 1.661, Balne\u00e1rio Marissol) ter\u00e1 novamente duas noites [&hellip;]<\/p>\n","protected":false},"author":2,"featured_media":58039,"comment_status":"open","ping_status":"open","sticky":false,"template":"","format":"standard","meta":{"advanced_seo_description":"","jetpack_seo_html_title":"","jetpack_seo_noindex":false,"_jetpack_memberships_contains_paid_content":false,"footnotes":""},"categories":[65],"tags":[318],"class_list":{"0":"post-58038","1":"post","2":"type-post","3":"status-publish","4":"format-standard","5":"has-post-thumbnail","7":"category-pontal-do-parana","8":"tag-pontal-do-parana"},"jetpack_featured_media_url":"https:\/\/www.paranapraia.com.br\/wp-content\/uploads\/2024\/02\/FB_IMG_1708701389984-scaled.jpg","jetpack_sharing_enabled":true,"_links":{"self":[{"href":"https:\/\/www.paranapraia.com.br\/index.php\/wp-json\/wp\/v2\/posts\/58038"}],"collection":[{"href":"https:\/\/www.paranapraia.com.br\/index.php\/wp-json\/wp\/v2\/posts"}],"about":[{"href":"https:\/\/www.paranapraia.com.br\/index.php\/wp-json\/wp\/v2\/types\/post"}],"author":[{"embeddable":true,"href":"https:\/\/www.paranapraia.com.br\/index.php\/wp-json\/wp\/v2\/users\/2"}],"replies":[{"embeddable":true,"href":"https:\/\/www.paranapraia.com.br\/index.php\/wp-json\/wp\/v2\/comments?post=58038"}],"version-history":[{"count":1,"href":"https:\/\/www.paranapraia.com.br\/index.php\/wp-json\/wp\/v2\/posts\/58038\/revisions"}],"predecessor-version":[{"id":58044,"href":"https:\/\/www.paranapraia.com.br\/index.php\/wp-json\/wp\/v2\/posts\/58038\/revisions\/58044"}],"wp:featuredmedia":[{"embeddable":true,"href":"https:\/\/www.paranapraia.com.br\/index.php\/wp-json\/wp\/v2\/media\/58039"}],"wp:attachment":[{"href":"https:\/\/www.paranapraia.com.br\/index.php\/wp-json\/wp\/v2\/media?parent=58038"}],"wp:term":[{"taxonomy":"category","embeddable":true,"href":"https:\/\/www.paranapraia.com.br\/index.php\/wp-json\/wp\/v2\/categories?post=58038"},{"taxonomy":"post_tag","embeddable":true,"href":"https:\/\/www.paranapraia.com.br\/index.php\/wp-json\/wp\/v2\/tags?post=58038"}],"curies":[{"name":"wp","href":"https:\/\/api.w.org\/{rel}","templated":true}]}}