{"id":58035,"date":"2024-02-23T11:50:02","date_gmt":"2024-02-23T14:50:02","guid":{"rendered":"https:\/\/www.paranapraia.com.br\/?p=58035"},"modified":"2024-02-23T11:50:09","modified_gmt":"2024-02-23T14:50:09","slug":"17-mil-moradores-da-ilha-dos-valadares-foram-atendidos-pelo-pcpr-na-comunidade","status":"publish","type":"post","link":"https:\/\/www.paranapraia.com.br\/index.php\/2024\/02\/23\/17-mil-moradores-da-ilha-dos-valadares-foram-atendidos-pelo-pcpr-na-comunidade\/","title":{"rendered":"1,7 mil moradores da Ilha dos Valadares foram atendidos pelo PCPR na Comunidade"},"content":{"rendered":"\n<p>A Pol\u00edcia Civil do Paran\u00e1 (PCPR) levou servi\u00e7os de pol\u00edcia judici\u00e1ria e orienta\u00e7\u00f5es para mais de 1,7 mil pessoas durante o PCPR na Comunidade, que aconteceu nesta semana, de 19 a 22 de fevereiro, na Ilha dos Valadares, em Paranagu\u00e1, no Litoral do Estado. A a\u00e7\u00e3o contou com o apoio da prefeitura. Foram disponibilizados registro de boletim de ocorr\u00eancia, emiss\u00e3o de atestados de antecedentes criminais e emiss\u00e3o da 1\u00aa e 2\u00aa vias da carteira de identidade, totalizando a confec\u00e7\u00e3o de 882 RGs.<\/p>\n\n\n\n<p>\u201cO PCPR na Comunidade \u00e9 uma ferramenta extremamente importante para a popula\u00e7\u00e3o, em que a Pol\u00edcia Civil leva servi\u00e7os \u00e0queles que mais necessitam\u201d, disse o secret\u00e1rio estadual da Seguran\u00e7a P\u00fablica, Hudson Le\u00f4ncio Teixeira. \u201cA popula\u00e7\u00e3o da Ilha dos Valadares teve a oportunidade de fazer a carteira de identidade, receber orienta\u00e7\u00f5es sobre preven\u00e7\u00f5es de crimes, al\u00e9m de atividades recreativas para as crian\u00e7as. Os policiais fazem um trabalho humanizado, levando seguran\u00e7a p\u00fablica de qualidade aos cidad\u00e3os\u201d.<\/p>\n\n\n\n<p>Os policiais tamb\u00e9m realizaram pesquisa de percep\u00e7\u00e3o de criminalidade e informaram quais medidas que podem ser tomadas ao ser v\u00edtima de um crime.<\/p>\n\n\n\n<p>A professora e moradora da Ilha dos Valadares, Michele Vieira, aproveitou a oportunidade para renovar a carteira de identidade e fazer a 1\u00aa via do documento para a filha. Ela conta que a menina sonha em ser policial. \u201cEssa foi uma oportunidade de trazer os filhos para fazer o documento, al\u00e9m de interagirem com os policiais e aprenderem mais sobre a profiss\u00e3o\u201d, afirma.<\/p>\n\n\n\n<p>A PCPR tamb\u00e9m disponibilizou atividades l\u00fadicas \u00e0s crian\u00e7as e materiais educativos.&nbsp;\u201cTemos como objetivo tamb\u00e9m mostrar para a popula\u00e7\u00e3o e para as crian\u00e7as que o policial est\u00e1 do lado delas. N\u00f3s educamos essas crian\u00e7as na quest\u00e3o de seguran\u00e7a. Quando educamos, conseguimos construir uma seguran\u00e7a p\u00fablica de mais qualidade para o futuro. Estamos ofertando o servi\u00e7o aqui e agora, mas tamb\u00e9m a m\u00e9dio e longo prazo na vida das pessoas\u201d, explica o coordenador do programa, Jo\u00e3o Mario Goes.<\/p>\n\n\n\n<p>Na ter\u00e7a-feira (20), uma equipe de papiloscopistas foi at\u00e9 uma resid\u00eancia para fazer o documento de uma mulher acamada. O servi\u00e7o de atendimento volante existe desde 1994 e garante que cidad\u00e3os vulner\u00e1veis e com restri\u00e7\u00e3o de mobilidade tenham carteira de identidade.<\/p>\n\n\n\n<p><strong>PCPR NA COMUNIDADE\u00a0<\/strong>\u2013 \u00c9 um programa que ocorre regularmente em todo o Paran\u00e1. O objetivo \u00e9 levar servi\u00e7os de pol\u00edcia judici\u00e1ria \u00e0 popula\u00e7\u00e3o, promover atendimento humanizado, auxiliar na identifica\u00e7\u00e3o de poss\u00edveis v\u00edtimas e na conclus\u00e3o de investiga\u00e7\u00f5es, al\u00e9m de fortalecer a efici\u00eancia na presta\u00e7\u00e3o do servi\u00e7o p\u00fablico e representar a institui\u00e7\u00e3o em atividades em prol da sociedade.<\/p>\n\n\n\n<p>AEN<\/p>\n","protected":false},"excerpt":{"rendered":"<p>A Pol\u00edcia Civil do Paran\u00e1 (PCPR) levou servi\u00e7os de pol\u00edcia judici\u00e1ria e orienta\u00e7\u00f5es para mais de 1,7 mil pessoas durante o PCPR na Comunidade, que aconteceu nesta semana, de 19 a 22 de fevereiro, na Ilha dos Valadares, em Paranagu\u00e1, no Litoral do Estado. A a\u00e7\u00e3o contou com o apoio da prefeitura. Foram disponibilizados registro [&hellip;]<\/p>\n","protected":false},"author":2,"featured_media":58036,"comment_status":"open","ping_status":"open","sticky":false,"template":"","format":"standard","meta":{"advanced_seo_description":"","jetpack_seo_html_title":"","jetpack_seo_noindex":false,"_jetpack_memberships_contains_paid_content":false,"footnotes":""},"categories":[40],"tags":[],"class_list":{"0":"post-58035","1":"post","2":"type-post","3":"status-publish","4":"format-standard","5":"has-post-thumbnail","7":"category-destaques"},"jetpack_featured_media_url":"https:\/\/www.paranapraia.com.br\/wp-content\/uploads\/2024\/02\/ilha_dos_valadares1-scaled.jpg","jetpack_sharing_enabled":true,"_links":{"self":[{"href":"https:\/\/www.paranapraia.com.br\/index.php\/wp-json\/wp\/v2\/posts\/58035"}],"collection":[{"href":"https:\/\/www.paranapraia.com.br\/index.php\/wp-json\/wp\/v2\/posts"}],"about":[{"href":"https:\/\/www.paranapraia.com.br\/index.php\/wp-json\/wp\/v2\/types\/post"}],"author":[{"embeddable":true,"href":"https:\/\/www.paranapraia.com.br\/index.php\/wp-json\/wp\/v2\/users\/2"}],"replies":[{"embeddable":true,"href":"https:\/\/www.paranapraia.com.br\/index.php\/wp-json\/wp\/v2\/comments?post=58035"}],"version-history":[{"count":1,"href":"https:\/\/www.paranapraia.com.br\/index.php\/wp-json\/wp\/v2\/posts\/58035\/revisions"}],"predecessor-version":[{"id":58037,"href":"https:\/\/www.paranapraia.com.br\/index.php\/wp-json\/wp\/v2\/posts\/58035\/revisions\/58037"}],"wp:featuredmedia":[{"embeddable":true,"href":"https:\/\/www.paranapraia.com.br\/index.php\/wp-json\/wp\/v2\/media\/58036"}],"wp:attachment":[{"href":"https:\/\/www.paranapraia.com.br\/index.php\/wp-json\/wp\/v2\/media?parent=58035"}],"wp:term":[{"taxonomy":"category","embeddable":true,"href":"https:\/\/www.paranapraia.com.br\/index.php\/wp-json\/wp\/v2\/categories?post=58035"},{"taxonomy":"post_tag","embeddable":true,"href":"https:\/\/www.paranapraia.com.br\/index.php\/wp-json\/wp\/v2\/tags?post=58035"}],"curies":[{"name":"wp","href":"https:\/\/api.w.org\/{rel}","templated":true}]}}