{"id":58026,"date":"2024-02-22T12:06:36","date_gmt":"2024-02-22T15:06:36","guid":{"rendered":"https:\/\/www.paranapraia.com.br\/?p=58026"},"modified":"2024-02-22T12:06:41","modified_gmt":"2024-02-22T15:06:41","slug":"programa-de-capacitacao-profissional-da-orla-de-matinhos-oferece-155-vagas-no-litoral","status":"publish","type":"post","link":"https:\/\/www.paranapraia.com.br\/index.php\/2024\/02\/22\/programa-de-capacitacao-profissional-da-orla-de-matinhos-oferece-155-vagas-no-litoral\/","title":{"rendered":"Programa de capacita\u00e7\u00e3o profissional da Orla de Matinhos oferece 155 vagas no Litoral"},"content":{"rendered":"\n<p>O Governo do Estado confirmou a agenda 2024 do programa de capacita\u00e7\u00e3o profissional para Matinhos, no Litoral. Ser\u00e3o sete cursos ao longo do ano, oferecidos em parceria com o Senac (Servi\u00e7o Nacional de Aprendizagem Comercial) e com o Senai (Servi\u00e7o Nacional de Aprendizagem Industrial), todos gratuitos, com a disponibiliza\u00e7\u00e3o total de 155 vagas. As capacita\u00e7\u00f5es s\u00e3o em temas como empreendedorismo, engenharia el\u00e9trica b\u00e1sica e constru\u00e7\u00e3o civil, entre outros. As primeiras aulas come\u00e7am em mar\u00e7o.<\/p>\n\n\n\n<p>A iniciativa \u00e9 viabilizada por meio do Projeto B\u00e1sico Ambiental das Obras de Recupera\u00e7\u00e3o da Orla de Matinhos, executado pelo Instituto \u00c1gua e Terra (IAT), em parceria com o Cons\u00f3rcio DTA\/ACQUAPLAN.<\/p>\n\n\n\n<p>O curso inaugural, ministrado pelo Senac, ser\u00e1 de T\u00e9cnicas para Camareira de Meios de Hospedagem, entre os dias 4 e 12 de mar\u00e7o, com disponibilidade para 25 alunos. Entre 18 e 26 mar\u00e7o ocorre o curso de Empreendedorismo, com 30 vagas, ambos no Senac Caiob\u00e1. As inscri\u00e7\u00f5es j\u00e1 est\u00e3o abertas e podem ser efetuadas presencialmente no pr\u00f3prio Senac.<\/p>\n\n\n\n<p>J\u00e1 o Senai disponibilizar\u00e1 forma\u00e7\u00e3o em El\u00e9trica B\u00e1sica Residencial, Eletricidade Predial, Aplica\u00e7\u00e3o de Revestimento Cer\u00e2mico e Assentamento de Tijolos \u00e0 Vista e Pedra Decorativa, contemplando um total de 80 vagas para a popula\u00e7\u00e3o. Al\u00e9m disso, h\u00e1 um curso espec\u00edfico para os pescadores profissionais do munic\u00edpio, para at\u00e9 20 pessoas. As aulas ocorrer\u00e3o no Centro Comunit\u00e1rio Profissionalizante de Matinhos, com datas ainda a definir.<\/p>\n\n\n\n<p>As a\u00e7\u00f5es visam o aprimoramento da m\u00e3o de obra na cidade para o novo cen\u00e1rio econ\u00f4mico pelo qual vive Matinhos a partir da moderniza\u00e7\u00e3o da orla e de outras obras estruturais em execu\u00e7\u00e3o pelo Governo do Estado no Litoral, como a Ponte de Guaratuba e a duplica\u00e7\u00e3o da Avenida Juscelino Kubitschek (JK), principal via de acesso ao balne\u00e1rio.<\/p>\n\n\n\n<p>Em 2023, as capacita\u00e7\u00f5es beneficiaram 210 pessoas, em cursos como T\u00e9cnicas B\u00e1sicas de Jardinagem e Tratamento de Piscinas, Espanhol B\u00e1sico I, Preparo de Massas e Pizzas, Ingl\u00eas B\u00e1sico Adulto I, Servi\u00e7os B\u00e1sicos em A\u00e7ougue e B\u00e1sico de Linguagem de Programa\u00e7\u00e3o para Adolescente, Instala\u00e7\u00f5es Hidr\u00e1ulicas Prediais, Pintura de Obras e T\u00e9cnicas de Constru\u00e7\u00e3o Civil em Alvenaria.<\/p>\n\n\n\n<p><strong>ORLA DE MATINHOS<\/strong>&nbsp;\u2013 A revitaliza\u00e7\u00e3o da Orla de Matinhos atingiu&nbsp;<strong><a href=\"https:\/\/www.aen.pr.gov.br\/Noticia\/Revitalizacao-da-Orla-de-Matinhos-chegou-928-em-janeiro-aponta-boletim\" target=\"_blank\" rel=\"noreferrer noopener\">92,8% de conclus\u00e3o<\/a><\/strong>&nbsp;e deve ser entregue para a popula\u00e7\u00e3o at\u00e9 o segundo semestre de 2024, com investimento de R$ 354,4 milh\u00f5es por parte do Governo do Estado. Abrange servi\u00e7os de engorda da faixa de areia por meio de aterro hidr\u00e1ulico; estruturas mar\u00edtimas semirr\u00edgidas; canais de macrodrenagem e redes de microdrenagem e revitaliza\u00e7\u00e3o urban\u00edstica da orla mar\u00edtima com o plantio de esp\u00e9cies nativas.<\/p>\n\n\n\n<p>O projeto \u00e9 acompanhado de melhorias na pavimenta\u00e7\u00e3o asf\u00e1ltica e recupera\u00e7\u00e3o de vias urbanas. O objetivo \u00e9 minimizar os impactos gerados pela combina\u00e7\u00e3o do desequil\u00edbrio de sedimentos, ocupa\u00e7\u00f5es mal planejadas e fen\u00f4menos naturais, como chuvas fortes e ressacas que costumeiramente atingem o Litoral. Essa combina\u00e7\u00e3o comprometeu boa parte da infraestrutura urbana, tur\u00edstica e de lazer em Matinhos.<\/p>\n\n\n\n<p>As interven\u00e7\u00f5es est\u00e3o sendo feitas ao longo de 6,3 quil\u00f4metros entre o Morro do Boi e o Balne\u00e1rio Fl\u00f3rida. Haver\u00e1, ainda, a instala\u00e7\u00e3o de novos equipamentos urbanos, como ciclovia, pista de caminhada e corrida, pista de acessibilidade e cal\u00e7ada. Em uma segunda etapa, ainda sem previs\u00e3o de data, ser\u00e1 recuperado o trecho de 1,7 quil\u00f4metro entre os balne\u00e1rios Fl\u00f3rida e Saint Etienne.<\/p>\n\n\n\n<p><strong>Servi\u00e7o:<\/strong><\/p>\n\n\n\n<p>Inscri\u00e7\u00e3o para novos cursos oferecidos pelo IAT em Matinhos: T\u00e9cnicas para camareira de meios de hospedagem \u2013 aulas de 04 a 12 de mar\u00e7o, das 19h \u00e0s 22h. S\u00e3o 25 vagas para pessoas com mais de 18 anos e escolaridade a partir do 5\u00ba ano do ensino fundamental.<\/p>\n\n\n\n<p>Empreendedorismo \u2013 aulas de 18 a 26 de mar\u00e7o, das 19h \u00e0s 22h. S\u00e3o 30 vagas para pessoas com mais de 17 anos e escolaridade a partir do 1\u00ba ano do ensino m\u00e9dio.<\/p>\n\n\n\n<p>Local: Senac Caiob\u00e1, Rua Doutor Jos\u00e9 Pinto Rebelo J\u00fanior, 91 &#8211; Centro, Matinhos<\/p>\n\n\n\n<p>Inscri\u00e7\u00f5es gratuitas. carga hor\u00e1ria de 21 horas<\/p>\n\n\n\n<figure class=\"wp-block-image\"><a href=\"http:\/\/www.celepar.pr.gov.br\/\" target=\"_blank\" rel=\"noreferrer noopener\"><img decoding=\"async\" src=\"https:\/\/web.celepar.pr.gov.br\/drupal\/images\/logo_celepar_88x28_branco.png\" alt=\"Desenvolvido pela Celepar\"\/><\/a><\/figure>\n\n\n\n<p><a href=\"https:\/\/www.facebook.com\/governoparana\" target=\"_blank\" rel=\"noreferrer noopener\"><\/a><a href=\"https:\/\/www.instagram.com\/governoparana\/\" target=\"_blank\" rel=\"noreferrer noopener\"><\/a><a href=\"https:\/\/twitter.com\/governoparana\" target=\"_blank\" rel=\"noreferrer noopener\"><\/a><a href=\"https:\/\/www.youtube.com\/user\/paranagoverno\" target=\"_blank\" rel=\"noreferrer noopener\"><\/a><\/p>\n\n\n\n<figure class=\"wp-block-image\"><img decoding=\"async\" src=\"https:\/\/vlibras.gov.br\/app\/\/assets\/access_icon.svg\" alt=\"Conte\u00fado acess\u00edvel em Libras usando o VLibras Widget com op\u00e7\u00f5es dos Avatares \u00cdcaro, Hosana ou Guga.\"\/><\/figure>\n\n\n\n<figure class=\"wp-block-image\"><img decoding=\"async\" src=\"https:\/\/vlibras.gov.br\/app\/\/assets\/access_popup.jpg\" alt=\"Conte\u00fado acess\u00edvel em Libras usando o VLibras Widget com op\u00e7\u00f5es dos Avatares \u00cdcaro, Hosana ou Guga.\"\/><\/figure>\n","protected":false},"excerpt":{"rendered":"<p>O Governo do Estado confirmou a agenda 2024 do programa de capacita\u00e7\u00e3o profissional para Matinhos, no Litoral. Ser\u00e3o sete cursos ao longo do ano, oferecidos em parceria com o Senac (Servi\u00e7o Nacional de Aprendizagem Comercial) e com o Senai (Servi\u00e7o Nacional de Aprendizagem Industrial), todos gratuitos, com a disponibiliza\u00e7\u00e3o total de 155 vagas. As capacita\u00e7\u00f5es [&hellip;]<\/p>\n","protected":false},"author":2,"featured_media":58027,"comment_status":"open","ping_status":"open","sticky":false,"template":"","format":"standard","meta":{"advanced_seo_description":"","jetpack_seo_html_title":"","jetpack_seo_noindex":false,"_jetpack_memberships_contains_paid_content":false,"footnotes":""},"categories":[40],"tags":[317],"class_list":{"0":"post-58026","1":"post","2":"type-post","3":"status-publish","4":"format-standard","5":"has-post-thumbnail","7":"category-destaques","8":"tag-matinhos"},"jetpack_featured_media_url":"https:\/\/www.paranapraia.com.br\/wp-content\/uploads\/2024\/02\/orla_matinhos_foto_rdziura-0509_0-scaled.jpg","jetpack_sharing_enabled":true,"_links":{"self":[{"href":"https:\/\/www.paranapraia.com.br\/index.php\/wp-json\/wp\/v2\/posts\/58026"}],"collection":[{"href":"https:\/\/www.paranapraia.com.br\/index.php\/wp-json\/wp\/v2\/posts"}],"about":[{"href":"https:\/\/www.paranapraia.com.br\/index.php\/wp-json\/wp\/v2\/types\/post"}],"author":[{"embeddable":true,"href":"https:\/\/www.paranapraia.com.br\/index.php\/wp-json\/wp\/v2\/users\/2"}],"replies":[{"embeddable":true,"href":"https:\/\/www.paranapraia.com.br\/index.php\/wp-json\/wp\/v2\/comments?post=58026"}],"version-history":[{"count":1,"href":"https:\/\/www.paranapraia.com.br\/index.php\/wp-json\/wp\/v2\/posts\/58026\/revisions"}],"predecessor-version":[{"id":58028,"href":"https:\/\/www.paranapraia.com.br\/index.php\/wp-json\/wp\/v2\/posts\/58026\/revisions\/58028"}],"wp:featuredmedia":[{"embeddable":true,"href":"https:\/\/www.paranapraia.com.br\/index.php\/wp-json\/wp\/v2\/media\/58027"}],"wp:attachment":[{"href":"https:\/\/www.paranapraia.com.br\/index.php\/wp-json\/wp\/v2\/media?parent=58026"}],"wp:term":[{"taxonomy":"category","embeddable":true,"href":"https:\/\/www.paranapraia.com.br\/index.php\/wp-json\/wp\/v2\/categories?post=58026"},{"taxonomy":"post_tag","embeddable":true,"href":"https:\/\/www.paranapraia.com.br\/index.php\/wp-json\/wp\/v2\/tags?post=58026"}],"curies":[{"name":"wp","href":"https:\/\/api.w.org\/{rel}","templated":true}]}}