{"id":58017,"date":"2024-02-21T19:34:16","date_gmt":"2024-02-21T22:34:16","guid":{"rendered":"https:\/\/www.paranapraia.com.br\/?p=58017"},"modified":"2024-02-21T19:34:19","modified_gmt":"2024-02-21T22:34:19","slug":"treze-pessoas-foram-ouvidas-no-gabinete-do-povo-nesta-ultima-edicao","status":"publish","type":"post","link":"https:\/\/www.paranapraia.com.br\/index.php\/2024\/02\/21\/treze-pessoas-foram-ouvidas-no-gabinete-do-povo-nesta-ultima-edicao\/","title":{"rendered":"Treze pessoas foram ouvidas no Gabinete do Povo nesta \u00faltima edi\u00e7\u00e3o"},"content":{"rendered":"\n<p>Aconteceu nesta ter\u00e7a-feira (20) mais uma sess\u00e3o do Gabinete do Povo, liderada pelo prefeito Z\u00e9 da Ecler. Novamente, ele esteve no audit\u00f3rio da Prefeitura, onde ouviu as necessidades e quest\u00f5es dos cidad\u00e3os. Das 8 \u00e0s 14 horas, 13 pessoas foram atendidas, apresentando suas demandas ou buscando esclarecimentos.<\/p>\n\n\n\n<p>Todas as intera\u00e7\u00f5es foram transmitidas ao vivo pela p\u00e1gina do Facebook da Prefeitura de Matinhos e exibidas no tel\u00e3o da Pra\u00e7a Central. Isso busca assegurar a transpar\u00eancia do processo, evidenciando que o prefeito est\u00e1 atento \u00e0s demandas dos moradores.<\/p>\n\n\n\n<p>O Gabinete do Povo \u00e9 uma parte importante da agenda do prefeito Z\u00e9 da Ecler. Semanalmente, ele se compromete a estar dispon\u00edvel no audit\u00f3rio da Prefeitura para ouvir a popula\u00e7\u00e3o.<\/p>\n\n\n\n<p>Departamento de Comunica\u00e7\u00e3o<br>Prefeitura de Matinhos<\/p>\n","protected":false},"excerpt":{"rendered":"<p>Aconteceu nesta ter\u00e7a-feira (20) mais uma sess\u00e3o do Gabinete do Povo, liderada pelo prefeito Z\u00e9 da Ecler. Novamente, ele esteve no audit\u00f3rio da Prefeitura, onde ouviu as necessidades e quest\u00f5es dos cidad\u00e3os. Das 8 \u00e0s 14 horas, 13 pessoas foram atendidas, apresentando suas demandas ou buscando esclarecimentos. Todas as intera\u00e7\u00f5es foram transmitidas ao vivo pela [&hellip;]<\/p>\n","protected":false},"author":2,"featured_media":58018,"comment_status":"open","ping_status":"open","sticky":false,"template":"","format":"standard","meta":{"advanced_seo_description":"","jetpack_seo_html_title":"","jetpack_seo_noindex":false,"_jetpack_memberships_contains_paid_content":false,"footnotes":""},"categories":[91,88],"tags":[],"class_list":{"0":"post-58017","1":"post","2":"type-post","3":"status-publish","4":"format-standard","5":"has-post-thumbnail","7":"category-litoral","8":"category-matinhos"},"jetpack_featured_media_url":"https:\/\/www.paranapraia.com.br\/wp-content\/uploads\/2024\/02\/FB_IMG_1708554722096-scaled.jpg","jetpack_sharing_enabled":true,"_links":{"self":[{"href":"https:\/\/www.paranapraia.com.br\/index.php\/wp-json\/wp\/v2\/posts\/58017"}],"collection":[{"href":"https:\/\/www.paranapraia.com.br\/index.php\/wp-json\/wp\/v2\/posts"}],"about":[{"href":"https:\/\/www.paranapraia.com.br\/index.php\/wp-json\/wp\/v2\/types\/post"}],"author":[{"embeddable":true,"href":"https:\/\/www.paranapraia.com.br\/index.php\/wp-json\/wp\/v2\/users\/2"}],"replies":[{"embeddable":true,"href":"https:\/\/www.paranapraia.com.br\/index.php\/wp-json\/wp\/v2\/comments?post=58017"}],"version-history":[{"count":1,"href":"https:\/\/www.paranapraia.com.br\/index.php\/wp-json\/wp\/v2\/posts\/58017\/revisions"}],"predecessor-version":[{"id":58019,"href":"https:\/\/www.paranapraia.com.br\/index.php\/wp-json\/wp\/v2\/posts\/58017\/revisions\/58019"}],"wp:featuredmedia":[{"embeddable":true,"href":"https:\/\/www.paranapraia.com.br\/index.php\/wp-json\/wp\/v2\/media\/58018"}],"wp:attachment":[{"href":"https:\/\/www.paranapraia.com.br\/index.php\/wp-json\/wp\/v2\/media?parent=58017"}],"wp:term":[{"taxonomy":"category","embeddable":true,"href":"https:\/\/www.paranapraia.com.br\/index.php\/wp-json\/wp\/v2\/categories?post=58017"},{"taxonomy":"post_tag","embeddable":true,"href":"https:\/\/www.paranapraia.com.br\/index.php\/wp-json\/wp\/v2\/tags?post=58017"}],"curies":[{"name":"wp","href":"https:\/\/api.w.org\/{rel}","templated":true}]}}