{"id":58008,"date":"2024-02-19T19:31:23","date_gmt":"2024-02-19T22:31:23","guid":{"rendered":"https:\/\/www.paranapraia.com.br\/?p=58008"},"modified":"2024-02-19T19:31:29","modified_gmt":"2024-02-19T22:31:29","slug":"exibicao-gratuita-cinema-na-praca-percorre-o-litoral-durante-toda-a-semana","status":"publish","type":"post","link":"https:\/\/www.paranapraia.com.br\/index.php\/2024\/02\/19\/exibicao-gratuita-cinema-na-praca-percorre-o-litoral-durante-toda-a-semana\/","title":{"rendered":"Exibi\u00e7\u00e3o gratuita: Cinema na Pra\u00e7a percorre o Litoral durante toda a semana"},"content":{"rendered":"\n<p>O Projeto Cinema na Pra\u00e7a est\u00e1 no Litoral do Estado. A partir desta segunda-feira (19), as exibi\u00e7\u00f5es gratuitas de filmes est\u00e3o previstas em Guaratuba, Morretes, Antonina e Paranagu\u00e1. Ap\u00f3s tr\u00eas edi\u00e7\u00f5es realizadas pelo Governo do Paran\u00e1, em 2024 uma edi\u00e7\u00e3o especial ocorre a partir de projetos selecionados pelo Edital Cinema na Pra\u00e7a, viabilizado com recursos da Lei Paulo Gustavo no Paran\u00e1.<\/p>\n\n\n\n<p>Na semana passada, moradores de Pontal do Paran\u00e1 e Matinhos tiveram a oportunidade de assistir aos filmes nacionais exibidos no projeto.<\/p>\n\n\n\n<p>Nesta edi\u00e7\u00e3o, dois lotes comp\u00f5em o Edital Cinema na Pra\u00e7a. Al\u00e9m do Lote 2, que percorre o Litoral, o Lote 1 iniciar\u00e1 as exibi\u00e7\u00f5es no final deste m\u00eas de fevereiro, no dia 27, no munic\u00edpio de Lapa. At\u00e9 setembro, os dois projetos levar\u00e3o entretenimento e cultura a 144 munic\u00edpios.<\/p>\n\n\n\n<p><strong>PRIMEIRA FASE<\/strong>&nbsp;\u2013 A Casa do Verbo, produtora contemplada pelo Edital Cinema na Pra\u00e7a da Lei Paulo Gustavo no Paran\u00e1 e respons\u00e1vel pelo Lote 2 do Edital, levar\u00e1 cinema gratuito a 65 munic\u00edpios. As exibi\u00e7\u00f5es nas seis cidades litor\u00e2neas fazem parte apenas da primeira fase do projeto.<\/p>\n\n\n\n<p>Durante toda a programa\u00e7\u00e3o no Litoral, cada cidade ter\u00e1 dois dias de exibi\u00e7\u00f5es de filmes, sempre em sess\u00f5es \u00e0s 19h e \u00e0s 21h. No primeiro dia, o p\u00fablico poder\u00e1 conferir, a anima\u00e7\u00e3o \u201cLino \u2013 Uma Aventura de Sete Vidas\u201d, de Rafael Ribas e, na sequ\u00eancia, \u201cO Palha\u00e7o\u201d, que tem dire\u00e7\u00e3o de Selton Mello.<\/p>\n\n\n\n<p>No segundo dia, a primeira sess\u00e3o ter\u00e1 \u201cAs Aventuras do Avi\u00e3o Vermelho\u201d, que se baseia no livro de \u00c9rico Ver\u00edssimo e \u00e9 dirigido por Frederico Pinto e Jos\u00e9 Maia. No segundo, \u201cMaria do Carit\u00f3\u201d, dirigido por Jo\u00e3o Paulo Jabur, \u00e0s 21h.<\/p>\n\n\n\n<p><strong>COMO FUNCIONA<\/strong>&nbsp;\u2013 O cinema itinerante funciona com uma carreta ba\u00fa equipada com um moderno sistema de exibi\u00e7\u00e3o cinematogr\u00e1fica. A estrutura conta com painel de LED para exibi\u00e7\u00e3o dos filmes, ilumina\u00e7\u00e3o e sistema de som. O caminh\u00e3o fica estacionado em locais p\u00fablicos para a exibi\u00e7\u00e3o dos filmes.<\/p>\n\n\n\n<p>Como medida de acessibilidade, as proje\u00e7\u00f5es dos filmes ter\u00e3o equipamentos para audiodescri\u00e7\u00e3o e tradu\u00e7\u00e3o em Libras para pessoas com defici\u00eancia visual e tamb\u00e9m legendas descritivas para pessoas com defici\u00eancia auditiva. Al\u00e9m disso, haver\u00e1 acessos e assentos reservados para cadeirantes.<\/p>\n\n\n\n<p><strong>SERVI\u00c7O<\/strong>&nbsp;\u2013 Para conferir o servi\u00e7o completo com as datas e locais nas 144 cidades contempladas pelo Cinema na Pra\u00e7a acesse&nbsp;<a href=\"https:\/\/www.cultura.pr.gov.br\/Pagina\/Cinema-na-Praca\" target=\"_blank\" rel=\"noreferrer noopener\">AQUI<\/a>.<\/p>\n\n\n\n<p><strong>Veja a programa\u00e7\u00e3o desta semana no Litoral:<\/strong><\/p>\n\n\n\n<p>Sess\u00f5es sempre \u00e0s 19h e \u00e0s 21h<\/p>\n\n\n\n<p><strong>Guaratuba \u2013 19 e 20\/02, segunda e ter\u00e7a-feira<\/strong><\/p>\n\n\n\n<p>Local: Complexo Esportivo na Rua Tocantins<\/p>\n\n\n\n<p><strong>Antonina \u2013 21 e 22\/02, quarta e quinta-feira<\/strong><\/p>\n\n\n\n<p>Local: Av. Dr. Carlos Gomes da Costa, altura da Rua Dr. Rebou\u00e7as<\/p>\n\n\n\n<p><strong>Morretes \u2013 23 e 24\/02, sexta e s\u00e1bado<\/strong><\/p>\n\n\n\n<p>Local: Pra\u00e7a Rocha Pombo, no p\u00e1tio da Prefeitura<\/p>\n\n\n\n<p><strong>Paranagu\u00e1 \u2013 25 e 26\/02, domingo e segunda-feira<\/strong><\/p>\n\n\n\n<p>Local: Esta\u00e7\u00e3o Ferrovi\u00e1ria de Paranagu\u00e1, na avenida Arthur de Abreu<\/p>\n\n\n\n<p>AEN\/PR<\/p>\n","protected":false},"excerpt":{"rendered":"<p>O Projeto Cinema na Pra\u00e7a est\u00e1 no Litoral do Estado. A partir desta segunda-feira (19), as exibi\u00e7\u00f5es gratuitas de filmes est\u00e3o previstas em Guaratuba, Morretes, Antonina e Paranagu\u00e1. Ap\u00f3s tr\u00eas edi\u00e7\u00f5es realizadas pelo Governo do Paran\u00e1, em 2024 uma edi\u00e7\u00e3o especial ocorre a partir de projetos selecionados pelo Edital Cinema na Pra\u00e7a, viabilizado com recursos [&hellip;]<\/p>\n","protected":false},"author":2,"featured_media":58009,"comment_status":"open","ping_status":"open","sticky":false,"template":"","format":"standard","meta":{"advanced_seo_description":"","jetpack_seo_html_title":"","jetpack_seo_noindex":false,"_jetpack_memberships_contains_paid_content":false,"footnotes":""},"categories":[91],"tags":[],"class_list":{"0":"post-58008","1":"post","2":"type-post","3":"status-publish","4":"format-standard","5":"has-post-thumbnail","7":"category-litoral"},"jetpack_featured_media_url":"https:\/\/www.paranapraia.com.br\/wp-content\/uploads\/2024\/02\/a_197_0_0-scaled.jpg","jetpack_sharing_enabled":true,"_links":{"self":[{"href":"https:\/\/www.paranapraia.com.br\/index.php\/wp-json\/wp\/v2\/posts\/58008"}],"collection":[{"href":"https:\/\/www.paranapraia.com.br\/index.php\/wp-json\/wp\/v2\/posts"}],"about":[{"href":"https:\/\/www.paranapraia.com.br\/index.php\/wp-json\/wp\/v2\/types\/post"}],"author":[{"embeddable":true,"href":"https:\/\/www.paranapraia.com.br\/index.php\/wp-json\/wp\/v2\/users\/2"}],"replies":[{"embeddable":true,"href":"https:\/\/www.paranapraia.com.br\/index.php\/wp-json\/wp\/v2\/comments?post=58008"}],"version-history":[{"count":1,"href":"https:\/\/www.paranapraia.com.br\/index.php\/wp-json\/wp\/v2\/posts\/58008\/revisions"}],"predecessor-version":[{"id":58010,"href":"https:\/\/www.paranapraia.com.br\/index.php\/wp-json\/wp\/v2\/posts\/58008\/revisions\/58010"}],"wp:featuredmedia":[{"embeddable":true,"href":"https:\/\/www.paranapraia.com.br\/index.php\/wp-json\/wp\/v2\/media\/58009"}],"wp:attachment":[{"href":"https:\/\/www.paranapraia.com.br\/index.php\/wp-json\/wp\/v2\/media?parent=58008"}],"wp:term":[{"taxonomy":"category","embeddable":true,"href":"https:\/\/www.paranapraia.com.br\/index.php\/wp-json\/wp\/v2\/categories?post=58008"},{"taxonomy":"post_tag","embeddable":true,"href":"https:\/\/www.paranapraia.com.br\/index.php\/wp-json\/wp\/v2\/tags?post=58008"}],"curies":[{"name":"wp","href":"https:\/\/api.w.org\/{rel}","templated":true}]}}