{"id":57953,"date":"2024-02-17T09:58:35","date_gmt":"2024-02-17T12:58:35","guid":{"rendered":"https:\/\/www.paranapraia.com.br\/?p=57953"},"modified":"2024-02-17T09:58:39","modified_gmt":"2024-02-17T12:58:39","slug":"matinhos-apresentacao-do-relatorio-de-atividades-ambientais-na-primeira-metade-de-fevereiro","status":"publish","type":"post","link":"https:\/\/www.paranapraia.com.br\/index.php\/2024\/02\/17\/matinhos-apresentacao-do-relatorio-de-atividades-ambientais-na-primeira-metade-de-fevereiro\/","title":{"rendered":"Matinhos: Apresenta\u00e7\u00e3o do relat\u00f3rio de atividades ambientais na primeira metade de fevereiro"},"content":{"rendered":"\n<p>A Secretaria de Meio Ambiente compartilhou o resumo das atividades realizadas durante a primeira quinzena de fevereiro deste ano. O relat\u00f3rio destaca uma variedade de servi\u00e7os prestados pela pasta durante esse per\u00edodo.<\/p>\n\n\n\n<p>Dentre as realiza\u00e7\u00f5es registradas est\u00e3o a coleta de res\u00edduos de podas, m\u00f3veis e pneus, o recolhimento de lixo, a instala\u00e7\u00e3o de novas lixeiras, o desempenho de trabalhos de capina, ro\u00e7agem, limpeza e jardinagem. Todas essas a\u00e7\u00f5es foram conduzidas de acordo com o cronograma estabelecido pela pasta, chefiada por S\u00e9rgio Cioli.<\/p>\n\n\n\n<p>Al\u00e9m disso, \u00e9 ressaltado que a Secretaria de Meio Ambiente est\u00e1 sempre dispon\u00edvel para atender \u00e0s demandas da comunidade. Os moradores podem entrar em contato com a pasta atrav\u00e9s do telefone 0800-397-1600, ramal 760, para fazer suas solicita\u00e7\u00f5es.<\/p>\n\n\n\n<p>Departamento de Comunica\u00e7\u00e3o<br>Prefeitura de Matinhos<\/p>\n\n\n\n<p>Relat\u00f3rio dispon\u00edvel em PDF em nosso portal: https:\/\/matinhos.atende.net\/cidadao\/noticia\/apresentacao-do-relatorio-de-atividades-ambientais-na-primeira-metade-de-fevereiro<\/p>\n\n\n\n<h1 class=\"wp-block-heading\"><\/h1>\n","protected":false},"excerpt":{"rendered":"<p>A Secretaria de Meio Ambiente compartilhou o resumo das atividades realizadas durante a primeira quinzena de fevereiro deste ano. O relat\u00f3rio destaca uma variedade de servi\u00e7os prestados pela pasta durante esse per\u00edodo. Dentre as realiza\u00e7\u00f5es registradas est\u00e3o a coleta de res\u00edduos de podas, m\u00f3veis e pneus, o recolhimento de lixo, a instala\u00e7\u00e3o de novas lixeiras, [&hellip;]<\/p>\n","protected":false},"author":2,"featured_media":57954,"comment_status":"open","ping_status":"open","sticky":false,"template":"","format":"standard","meta":{"advanced_seo_description":"","jetpack_seo_html_title":"","jetpack_seo_noindex":false,"_jetpack_memberships_contains_paid_content":false,"footnotes":""},"categories":[88],"tags":[],"class_list":{"0":"post-57953","1":"post","2":"type-post","3":"status-publish","4":"format-standard","5":"has-post-thumbnail","7":"category-matinhos"},"jetpack_featured_media_url":"https:\/\/www.paranapraia.com.br\/wp-content\/uploads\/2024\/02\/FB_IMG_1708174624611-scaled.jpg","jetpack_sharing_enabled":true,"_links":{"self":[{"href":"https:\/\/www.paranapraia.com.br\/index.php\/wp-json\/wp\/v2\/posts\/57953"}],"collection":[{"href":"https:\/\/www.paranapraia.com.br\/index.php\/wp-json\/wp\/v2\/posts"}],"about":[{"href":"https:\/\/www.paranapraia.com.br\/index.php\/wp-json\/wp\/v2\/types\/post"}],"author":[{"embeddable":true,"href":"https:\/\/www.paranapraia.com.br\/index.php\/wp-json\/wp\/v2\/users\/2"}],"replies":[{"embeddable":true,"href":"https:\/\/www.paranapraia.com.br\/index.php\/wp-json\/wp\/v2\/comments?post=57953"}],"version-history":[{"count":1,"href":"https:\/\/www.paranapraia.com.br\/index.php\/wp-json\/wp\/v2\/posts\/57953\/revisions"}],"predecessor-version":[{"id":57955,"href":"https:\/\/www.paranapraia.com.br\/index.php\/wp-json\/wp\/v2\/posts\/57953\/revisions\/57955"}],"wp:featuredmedia":[{"embeddable":true,"href":"https:\/\/www.paranapraia.com.br\/index.php\/wp-json\/wp\/v2\/media\/57954"}],"wp:attachment":[{"href":"https:\/\/www.paranapraia.com.br\/index.php\/wp-json\/wp\/v2\/media?parent=57953"}],"wp:term":[{"taxonomy":"category","embeddable":true,"href":"https:\/\/www.paranapraia.com.br\/index.php\/wp-json\/wp\/v2\/categories?post=57953"},{"taxonomy":"post_tag","embeddable":true,"href":"https:\/\/www.paranapraia.com.br\/index.php\/wp-json\/wp\/v2\/tags?post=57953"}],"curies":[{"name":"wp","href":"https:\/\/api.w.org\/{rel}","templated":true}]}}