{"id":57941,"date":"2024-02-16T17:22:30","date_gmt":"2024-02-16T20:22:30","guid":{"rendered":"https:\/\/www.paranapraia.com.br\/?p=57941"},"modified":"2024-02-16T17:22:37","modified_gmt":"2024-02-16T20:22:37","slug":"pcpr-leva-servicos-para-a-populacao-da-ilha-dos-valadares-na-proxima-semana","status":"publish","type":"post","link":"https:\/\/www.paranapraia.com.br\/index.php\/2024\/02\/16\/pcpr-leva-servicos-para-a-populacao-da-ilha-dos-valadares-na-proxima-semana\/","title":{"rendered":"PCPR leva servi\u00e7os para a popula\u00e7\u00e3o da Ilha dos Valadares na pr\u00f3xima semana"},"content":{"rendered":"\n<p>A Pol\u00edcia Civil do Paran\u00e1 (PCPR) levar\u00e1 servi\u00e7os de pol\u00edcia judici\u00e1ria para a popula\u00e7\u00e3o da Ilha dos Valadares, em Paranagu\u00e1, no Litoral do Estado, nos dias 19 a 22 de fevereiro. O evento acontece na Par\u00f3quia Nossa Senhora dos Navegantes, na rua 01, Vila Bela, das 9h \u00e0s 17h.<\/p>\n\n\n\n<p>A PCPR disponibilizar\u00e1 registro de boletins de ocorr\u00eancia e emiss\u00e3o de atestados de antecedentes criminais. Al\u00e9m disso, os policiais civis levar\u00e3o orienta\u00e7\u00f5es sobre como realizar den\u00fancias,&nbsp;realizar\u00e3o atividades l\u00fadicas com as crian\u00e7as, far\u00e3o demonstra\u00e7\u00f5es de per\u00edcia papilosc\u00f3pica, apresentar\u00e3o os c\u00e3es policiais e promover\u00e3o uma exposi\u00e7\u00e3o de armamento e material t\u00e1tico.<\/p>\n\n\n\n<p>No evento tamb\u00e9m ser\u00e3o confeccionadas a 1\u00aa e 2\u00aa via da carteira de identidade para quem realizou o agendamento pr\u00e9vio.<\/p>\n\n\n\n<p><strong>PCPR NA COMUNIDADE&nbsp;<\/strong>\u2013 O PCPR na Comunidade \u00e9 um projeto que ocorre regularmente em todo o Paran\u00e1. O objetivo \u00e9 levar servi\u00e7os de pol\u00edcia judici\u00e1ria \u00e0 popula\u00e7\u00e3o, promover atendimento humanizado, auxiliar na identifica\u00e7\u00e3o de poss\u00edveis v\u00edtimas e na conclus\u00e3o de investiga\u00e7\u00f5es, al\u00e9m de fortalecer a efici\u00eancia na presta\u00e7\u00e3o do servi\u00e7o p\u00fablico e representar a institui\u00e7\u00e3o em atividades em prol da sociedade.<\/p>\n\n\n\n<p><strong>VER\u00c3O MAIOR PARAN\u00c1&nbsp;<\/strong>\u2013 O Ver\u00e3o Maior Paran\u00e1 reuniu uma s\u00e9rie de a\u00e7\u00f5es voltadas aos veranistas e moradores dos munic\u00edpios do Litoral, al\u00e9m de Porto Rico e S\u00e3o Pedro do Paran\u00e1, no Noroeste. Foram ofertadas atividades esportivas e de lazer que inclu\u00edram aulas de gin\u00e1stica, dan\u00e7a, caminhadas, recrea\u00e7\u00e3o infantil, shows, torneios e competi\u00e7\u00f5es nacionais e internacionais, programa\u00e7\u00e3o inclusiva e educa\u00e7\u00e3o ambiental. Al\u00e9m do refor\u00e7o na seguran\u00e7a, a agenda continua at\u00e9 o final de fevereiro com shows de grandes sucessos nacionais em Matinhos e Pontal do Paran\u00e1. Veja a programa\u00e7\u00e3o no site&nbsp;<a href=\"https:\/\/www.verao.pr.gov.br\/\" target=\"_blank\" rel=\"noreferrer noopener\">www.verao.pr.gov.br<\/a>.<\/p>\n\n\n\n<p>AEN<\/p>\n","protected":false},"excerpt":{"rendered":"<p>A Pol\u00edcia Civil do Paran\u00e1 (PCPR) levar\u00e1 servi\u00e7os de pol\u00edcia judici\u00e1ria para a popula\u00e7\u00e3o da Ilha dos Valadares, em Paranagu\u00e1, no Litoral do Estado, nos dias 19 a 22 de fevereiro. O evento acontece na Par\u00f3quia Nossa Senhora dos Navegantes, na rua 01, Vila Bela, das 9h \u00e0s 17h. A PCPR disponibilizar\u00e1 registro de boletins [&hellip;]<\/p>\n","protected":false},"author":2,"featured_media":57942,"comment_status":"open","ping_status":"open","sticky":false,"template":"","format":"standard","meta":{"advanced_seo_description":"","jetpack_seo_html_title":"","jetpack_seo_noindex":false,"_jetpack_memberships_contains_paid_content":false,"footnotes":""},"categories":[40],"tags":[],"class_list":{"0":"post-57941","1":"post","2":"type-post","3":"status-publish","4":"format-standard","5":"has-post-thumbnail","7":"category-destaques"},"jetpack_featured_media_url":"https:\/\/www.paranapraia.com.br\/wp-content\/uploads\/2024\/02\/bj3-scaled.jpg","jetpack_sharing_enabled":true,"_links":{"self":[{"href":"https:\/\/www.paranapraia.com.br\/index.php\/wp-json\/wp\/v2\/posts\/57941"}],"collection":[{"href":"https:\/\/www.paranapraia.com.br\/index.php\/wp-json\/wp\/v2\/posts"}],"about":[{"href":"https:\/\/www.paranapraia.com.br\/index.php\/wp-json\/wp\/v2\/types\/post"}],"author":[{"embeddable":true,"href":"https:\/\/www.paranapraia.com.br\/index.php\/wp-json\/wp\/v2\/users\/2"}],"replies":[{"embeddable":true,"href":"https:\/\/www.paranapraia.com.br\/index.php\/wp-json\/wp\/v2\/comments?post=57941"}],"version-history":[{"count":1,"href":"https:\/\/www.paranapraia.com.br\/index.php\/wp-json\/wp\/v2\/posts\/57941\/revisions"}],"predecessor-version":[{"id":57943,"href":"https:\/\/www.paranapraia.com.br\/index.php\/wp-json\/wp\/v2\/posts\/57941\/revisions\/57943"}],"wp:featuredmedia":[{"embeddable":true,"href":"https:\/\/www.paranapraia.com.br\/index.php\/wp-json\/wp\/v2\/media\/57942"}],"wp:attachment":[{"href":"https:\/\/www.paranapraia.com.br\/index.php\/wp-json\/wp\/v2\/media?parent=57941"}],"wp:term":[{"taxonomy":"category","embeddable":true,"href":"https:\/\/www.paranapraia.com.br\/index.php\/wp-json\/wp\/v2\/categories?post=57941"},{"taxonomy":"post_tag","embeddable":true,"href":"https:\/\/www.paranapraia.com.br\/index.php\/wp-json\/wp\/v2\/tags?post=57941"}],"curies":[{"name":"wp","href":"https:\/\/api.w.org\/{rel}","templated":true}]}}