{"id":57901,"date":"2024-02-15T13:54:55","date_gmt":"2024-02-15T16:54:55","guid":{"rendered":"https:\/\/www.paranapraia.com.br\/?p=57901"},"modified":"2024-02-15T13:55:00","modified_gmt":"2024-02-15T16:55:00","slug":"guaratuba-prazo-para-adesao-ao-refis-vai-ate-sexta-feira-16","status":"publish","type":"post","link":"https:\/\/www.paranapraia.com.br\/index.php\/2024\/02\/15\/guaratuba-prazo-para-adesao-ao-refis-vai-ate-sexta-feira-16\/","title":{"rendered":"Guaratuba: Prazo para ades\u00e3o ao Refis vai at\u00e9 sexta-feira (16)"},"content":{"rendered":"\n<p>O prazo para ades\u00e3o do programa de Recupera\u00e7\u00e3o Fiscal no Munic\u00edpio de Guaratuba (Refis Guaratuba) vai at\u00e9 16 de fevereiro de 2024.<\/p>\n\n\n\n<p><br>O Refis ajuda pessoas e empresas a regularizarem suas d\u00edvidas (impostos e multas) perante o Munic\u00edpio, desde que vencidas at\u00e9 31 de dezembro de 2022. A ades\u00e3o ao programa deve ser feita atrav\u00e9s do Processo Eletr\u00f4nico Municipal \u2013 PEM ( https:\/\/tinyurl.com\/2p8s3rpn ) ou pessoalmente na Ag\u00eancia do Contribuinte (Rua Jos\u00e9 Nicolau Abagge, n\u00b01333).<\/p>\n\n\n\n<p><br>O programa abrange cr\u00e9ditos tribut\u00e1rios e n\u00e3o tribut\u00e1rios, inscritos ou n\u00e3o em d\u00edvida ativa, j\u00e1 judicializados ou ainda a serem judicializados, com ou sem exigibilidade suspensa, incluindo os resultantes de valores retidos n\u00e3o pagos.<br>As d\u00edvidas podem ser quitadas no REFIS Guaratuba de uma s\u00f3 vez, com um desconto de 90% sobre juros e multa de mora. Tamb\u00e9m poder\u00e3o ser divididas em at\u00e9 12 vezes, com desconto de juros e multa em parcelas mensais e sucessivas, sendo que at\u00e9 6 parcelas com desconto de 50%, e at\u00e9 12 parcelas com desconto de 30%.<\/p>\n\n\n\n<p><br>A gest\u00e3o do Refis Guaratuba estar\u00e1 a cargo da Procuradoria Fiscal do Munic\u00edpio, respons\u00e1vel pela elabora\u00e7\u00e3o dos Termos de Confiss\u00e3o de D\u00edvida. Esse programa \u00e9 uma nova chance para os contribuintes resolverem suas pend\u00eancias, ao mesmo tempo em que impulsionam a arrecada\u00e7\u00e3o que ser\u00e1 investida em infraestrutura essencial para o desenvolvimento do munic\u00edpio, trazendo benef\u00edcios diretos \u00e0 comunidade.<\/p>\n\n\n\n<p><br>Os benef\u00edcios desse projeto de lei n\u00e3o afetar\u00e3o a arrecada\u00e7\u00e3o negativamente, e a diminui\u00e7\u00e3o nos juros e multas ser\u00e1 compensada pelo maior n\u00famero de contribuintes que buscar\u00e3o regularizar suas d\u00edvidas com a Fazenda Municipal.<\/p>\n\n\n\n<h1 class=\"wp-block-heading\">prefsguaratuba #refis #guaratubapr<\/h1>\n","protected":false},"excerpt":{"rendered":"<p>O prazo para ades\u00e3o do programa de Recupera\u00e7\u00e3o Fiscal no Munic\u00edpio de Guaratuba (Refis Guaratuba) vai at\u00e9 16 de fevereiro de 2024. O Refis ajuda pessoas e empresas a regularizarem suas d\u00edvidas (impostos e multas) perante o Munic\u00edpio, desde que vencidas at\u00e9 31 de dezembro de 2022. A ades\u00e3o ao programa deve ser feita atrav\u00e9s [&hellip;]<\/p>\n","protected":false},"author":2,"featured_media":57902,"comment_status":"open","ping_status":"open","sticky":false,"template":"","format":"standard","meta":{"advanced_seo_description":"","jetpack_seo_html_title":"","jetpack_seo_noindex":false,"_jetpack_memberships_contains_paid_content":false,"footnotes":""},"categories":[99],"tags":[],"class_list":{"0":"post-57901","1":"post","2":"type-post","3":"status-publish","4":"format-standard","5":"has-post-thumbnail","7":"category-guaratuba"},"jetpack_featured_media_url":"https:\/\/www.paranapraia.com.br\/wp-content\/uploads\/2024\/02\/FB_IMG_1708015998245-scaled.jpg","jetpack_sharing_enabled":true,"_links":{"self":[{"href":"https:\/\/www.paranapraia.com.br\/index.php\/wp-json\/wp\/v2\/posts\/57901"}],"collection":[{"href":"https:\/\/www.paranapraia.com.br\/index.php\/wp-json\/wp\/v2\/posts"}],"about":[{"href":"https:\/\/www.paranapraia.com.br\/index.php\/wp-json\/wp\/v2\/types\/post"}],"author":[{"embeddable":true,"href":"https:\/\/www.paranapraia.com.br\/index.php\/wp-json\/wp\/v2\/users\/2"}],"replies":[{"embeddable":true,"href":"https:\/\/www.paranapraia.com.br\/index.php\/wp-json\/wp\/v2\/comments?post=57901"}],"version-history":[{"count":1,"href":"https:\/\/www.paranapraia.com.br\/index.php\/wp-json\/wp\/v2\/posts\/57901\/revisions"}],"predecessor-version":[{"id":57903,"href":"https:\/\/www.paranapraia.com.br\/index.php\/wp-json\/wp\/v2\/posts\/57901\/revisions\/57903"}],"wp:featuredmedia":[{"embeddable":true,"href":"https:\/\/www.paranapraia.com.br\/index.php\/wp-json\/wp\/v2\/media\/57902"}],"wp:attachment":[{"href":"https:\/\/www.paranapraia.com.br\/index.php\/wp-json\/wp\/v2\/media?parent=57901"}],"wp:term":[{"taxonomy":"category","embeddable":true,"href":"https:\/\/www.paranapraia.com.br\/index.php\/wp-json\/wp\/v2\/categories?post=57901"},{"taxonomy":"post_tag","embeddable":true,"href":"https:\/\/www.paranapraia.com.br\/index.php\/wp-json\/wp\/v2\/tags?post=57901"}],"curies":[{"name":"wp","href":"https:\/\/api.w.org\/{rel}","templated":true}]}}