{"id":57891,"date":"2024-02-14T18:08:44","date_gmt":"2024-02-14T21:08:44","guid":{"rendered":"https:\/\/www.paranapraia.com.br\/?p=57891"},"modified":"2024-02-14T18:08:47","modified_gmt":"2024-02-14T21:08:47","slug":"apos-carnaval-litoral-recebe-shows-do-trio-parada-dura-amado-batista-e-raca-negra","status":"publish","type":"post","link":"https:\/\/www.paranapraia.com.br\/index.php\/2024\/02\/14\/apos-carnaval-litoral-recebe-shows-do-trio-parada-dura-amado-batista-e-raca-negra\/","title":{"rendered":"Ap\u00f3s Carnaval, Litoral recebe shows do Trio Parada Dura, Amado Batista e Ra\u00e7a Negra"},"content":{"rendered":"\n<p>Com o fim do Carnaval, os bloquinhos e trios el\u00e9tricos saem de cena para o retorno dos grandes shows nacionais do Ver\u00e3o Maior Paran\u00e1 no Litoral do Estado. O pen\u00faltimo ciclo de apresenta\u00e7\u00f5es gratuitas em Matinhos e Pontal do Paran\u00e1 ter\u00e1 nomes cl\u00e1ssicos do sertanejo e do pagode, com d\u00e9cadas de estrada: os grupos Trio Parada Dura e Ra\u00e7a Negra, a dupla Matogrosso &amp; Mathias e o cantor Amado Batista.<\/p>\n\n\n\n<p>Nesta sexta-feira (16), os primeiros a subirem ao palco na praia de Caiob\u00e1, em Matinhos, s\u00e3o os integrantes do Trio Parada Dura, a partir das 20h. Formado em 1971 em Minas Gerais, o grupo \u00e9 um dos mais influentes da hist\u00f3ria da m\u00fasica sertaneja e apresentar\u00e1 sucessos que foram recordes de vendas ao longo de mais de 50 anos de carreira e continuam na mem\u00f3ria do povo brasileiro, como \u201cAs Andorinhas\u201d, \u201cTelefone Mudo\u201d, \u201cFusc\u00e3o Preto\u201d e \u201c\u00daltimo Adeus\u201d.<\/p>\n\n\n\n<p>Ao longo dos anos, o Trio Parada Dura se consolidou como um dos principais nomes do g\u00eanero, vendendo milh\u00f5es de discos e realizando shows por todo o Brasil. Composto atualmente pelo vocalista Creone, o violinista Leonito e o sanfoneiro Xonad\u00e3o, o trio aproveitar\u00e1 o cen\u00e1rio do Litoral paranaense para fazer a grava\u00e7\u00e3o do seu novo DVD.<\/p>\n\n\n\n<p>Na sequ\u00eancia, ser\u00e1 a vez de Amado Batista emocionar o p\u00fablico com hits do seu repert\u00f3rio de mais de 40 anos, incluindo \u201cSerenata\u201d, \u201cPrincesa\u201d e \u201cEu Te Amo Tanto\u201d. As melodias, que marcaram diversas gera\u00e7\u00f5es de f\u00e3s, o fizeram ficar conhecido como um dos maiores nomes da m\u00fasica rom\u00e2ntica brasileira.<\/p>\n\n\n\n<p>O cantor goiano de 72 anos j\u00e1 vendeu mais de 30 milh\u00f5es de discos, al\u00e9m de ter milh\u00f5es de visualiza\u00e7\u00f5es nos servi\u00e7os de streaming musicais, demonstrando que continua a influenciar multid\u00f5es.<\/p>\n\n\n\n<p>No s\u00e1bado (17), o amor continua a ser o tema central, mas o ritmo que toma conta do palco Ver\u00e3o Maior Paran\u00e1 em Matinhos ser\u00e1 o pagode, sob o comando do grupo Ra\u00e7a Negra. Comemorando 40 anos de trajet\u00f3ria, o grupo acumula pr\u00eamios como Grammy Latino, Trof\u00e9u Imprensa e Pr\u00eamio Sharp.<\/p>\n\n\n\n<p>O grupo paulista liderado pelo vocalista Luiz Carlos promete transformar a praia de Caiob\u00e1 em um grande show de karaok\u00ea, com o p\u00fablico entoando junto com os m\u00fasicos verdadeiros hinos da m\u00fasica brasileira, como \u201cCheia de Manias\u201d, \u201c\u00c9 Tarde Demais\u201d e \u201cVida Cigana\u201d.<\/p>\n\n\n\n<p><strong>PONTAL DO PARAN\u00c1<\/strong>&nbsp;\u2013 Na sexta-feira (16), no Balne\u00e1rio Marisol, em Pontal do Paran\u00e1, os f\u00e3s do sertanejo poder\u00e3o curtir o show da dupla Matogrosso e Mathias, a partir da 21h. Com 45 anos de apresenta\u00e7\u00f5es, a dupla atualmente comandada por Jo\u00e3o Batista Bernardo (Matogrosso) e Rafael Belchior (Mathias) j\u00e1 vendeu mais de 40 milh\u00f5es de discos e tamb\u00e9m ganhou um Grammy Latino por suas can\u00e7\u00f5es rom\u00e2nticas e melodias marcantes.<\/p>\n\n\n\n<p>Entre as m\u00fasicas mais conhecidas da dupla, est\u00e1 \u201cTentei te Esquecer\u201d, que se tornou um dos maiores hits da m\u00fasica sertaneja de todos os tempos, al\u00e9m de \u201cIdas e Voltas\u201d e \u201cDe Igual pra Igual\u201d, que prometem ser acompanhadas pelo p\u00fablico de todas as idades.<\/p>\n\n\n\n<p>As apresenta\u00e7\u00f5es do fim de semana em Pontal do Paran\u00e1 acabam no s\u00e1bado (17) com o show de Amado Batista, tamb\u00e9m \u00e0s 21h, completando a apresenta\u00e7\u00e3o em dose dupla do cantor no Litoral do Estado.<\/p>\n\n\n\n<p><strong>ESTRUTURA E SEGURAN\u00c7A&nbsp;<\/strong>\u2013 Neste ano, a estrutura montada pelo Governo do Estado est\u00e1 muito maior do que na temporada passada, com equipamentos de \u00faltima gera\u00e7\u00e3o. Os palcos contam com tel\u00f5es de LED gigantes \u2013 um no fundo e dois nas laterais do palco e, em Matinhos, mais dois no meio do p\u00fablico \u2013 al\u00e9m de tr\u00eas sistemas de \u00e1udio. As transmiss\u00f5es tamb\u00e9m t\u00eam imagens a\u00e9reas captadas por drones de alta performance tanto dos artistas quanto do p\u00fablico.<\/p>\n\n\n\n<p>Cerca de 450 pessoas e 120 toneladas de equipamentos est\u00e3o envolvidos na realiza\u00e7\u00e3o dos shows entre equipes de seguran\u00e7a, montagem, produ\u00e7\u00e3o e t\u00e9cnica dos artistas. Apenas em cada palco, s\u00e3o 60 pessoas diretamente envolvidas, incluindo engenheiros de som e de luz, c\u00e2meras, carregadores, mais as equipes dos pr\u00f3prios m\u00fasicos, que em m\u00e9dia contam com 30 pessoas.<\/p>\n\n\n\n<p>Como j\u00e1 ocorreu ao longo das \u00faltimas semanas e durante o Carnaval, a Pol\u00edcia Militar do Paran\u00e1 elaborou um planejamento especial para os grandes eventos em conjunto com as demais for\u00e7as de seguran\u00e7a p\u00fablica do Estado e as guardas municipais. Os policiais militares v\u00e3o ser aplicados de acordo com o n\u00famero esperado de p\u00fablico em cada show, fazendo policiamento a p\u00e9 e com viaturas.<\/p>\n\n\n\n<p>A Pol\u00edcia Civil do Paran\u00e1 (PCPR) tamb\u00e9m ter\u00e1 novamente um esquema especial a ser cumprido durante o fim de semana, com refor\u00e7o do efetivo tanto em Matinhos, onde contar\u00e1 com o apoio da Delegacia M\u00f3vel, como em Pontal do Paran\u00e1.<\/p>\n\n\n\n<p><strong>Confira a agenda de grandes shows deste fim de semana:<\/strong><\/p>\n\n\n\n<p><strong>Matinhos<\/strong><\/p>\n\n\n\n<p>Sexta-feira (16)<\/p>\n\n\n\n<p>A partir das 20h &#8211; Trio Parada Dura \/ Amado Batista<\/p>\n\n\n\n<p>S\u00e1bado (17)<\/p>\n\n\n\n<p>21h \u2013 Ra\u00e7a Negra<\/p>\n\n\n\n<p><strong>Pontal do Paran\u00e1<\/strong><\/p>\n\n\n\n<p>Sexta-feira (16)<\/p>\n\n\n\n<p>21h \u2013 Matogrosso e Mathias<\/p>\n\n\n\n<p>S\u00e1bado (17)<\/p>\n\n\n\n<p>21h \u2013 Amado Batista<\/p>\n\n\n\n<p>AEN\/PR<\/p>\n","protected":false},"excerpt":{"rendered":"<p>Com o fim do Carnaval, os bloquinhos e trios el\u00e9tricos saem de cena para o retorno dos grandes shows nacionais do Ver\u00e3o Maior Paran\u00e1 no Litoral do Estado. O pen\u00faltimo ciclo de apresenta\u00e7\u00f5es gratuitas em Matinhos e Pontal do Paran\u00e1 ter\u00e1 nomes cl\u00e1ssicos do sertanejo e do pagode, com d\u00e9cadas de estrada: os grupos Trio [&hellip;]<\/p>\n","protected":false},"author":2,"featured_media":57892,"comment_status":"open","ping_status":"open","sticky":false,"template":"","format":"standard","meta":{"advanced_seo_description":"","jetpack_seo_html_title":"","jetpack_seo_noindex":false,"_jetpack_memberships_contains_paid_content":false,"footnotes":""},"categories":[91],"tags":[],"class_list":{"0":"post-57891","1":"post","2":"type-post","3":"status-publish","4":"format-standard","5":"has-post-thumbnail","7":"category-litoral"},"jetpack_featured_media_url":"https:\/\/www.paranapraia.com.br\/wp-content\/uploads\/2024\/02\/trio_parada_dura_-_editadas_-_impressao-12-scaled.jpg","jetpack_sharing_enabled":true,"_links":{"self":[{"href":"https:\/\/www.paranapraia.com.br\/index.php\/wp-json\/wp\/v2\/posts\/57891"}],"collection":[{"href":"https:\/\/www.paranapraia.com.br\/index.php\/wp-json\/wp\/v2\/posts"}],"about":[{"href":"https:\/\/www.paranapraia.com.br\/index.php\/wp-json\/wp\/v2\/types\/post"}],"author":[{"embeddable":true,"href":"https:\/\/www.paranapraia.com.br\/index.php\/wp-json\/wp\/v2\/users\/2"}],"replies":[{"embeddable":true,"href":"https:\/\/www.paranapraia.com.br\/index.php\/wp-json\/wp\/v2\/comments?post=57891"}],"version-history":[{"count":1,"href":"https:\/\/www.paranapraia.com.br\/index.php\/wp-json\/wp\/v2\/posts\/57891\/revisions"}],"predecessor-version":[{"id":57893,"href":"https:\/\/www.paranapraia.com.br\/index.php\/wp-json\/wp\/v2\/posts\/57891\/revisions\/57893"}],"wp:featuredmedia":[{"embeddable":true,"href":"https:\/\/www.paranapraia.com.br\/index.php\/wp-json\/wp\/v2\/media\/57892"}],"wp:attachment":[{"href":"https:\/\/www.paranapraia.com.br\/index.php\/wp-json\/wp\/v2\/media?parent=57891"}],"wp:term":[{"taxonomy":"category","embeddable":true,"href":"https:\/\/www.paranapraia.com.br\/index.php\/wp-json\/wp\/v2\/categories?post=57891"},{"taxonomy":"post_tag","embeddable":true,"href":"https:\/\/www.paranapraia.com.br\/index.php\/wp-json\/wp\/v2\/tags?post=57891"}],"curies":[{"name":"wp","href":"https:\/\/api.w.org\/{rel}","templated":true}]}}