{"id":57888,"date":"2024-02-10T17:49:07","date_gmt":"2024-02-10T20:49:07","guid":{"rendered":"https:\/\/www.paranapraia.com.br\/?p=57888"},"modified":"2024-03-13T12:18:24","modified_gmt":"2024-03-13T15:18:24","slug":"com-altas-temperaturas-consumo-de-agua-no-litoral-foi-40-maior-neste-carnaval","status":"publish","type":"post","link":"https:\/\/www.paranapraia.com.br\/index.php\/2024\/02\/10\/com-altas-temperaturas-consumo-de-agua-no-litoral-foi-40-maior-neste-carnaval\/","title":{"rendered":"Com altas temperaturas, consumo de \u00e1gua no Litoral foi 40% maior neste Carnaval"},"content":{"rendered":"\n<p>A Sanepar produziu no Carnaval cerca de 330 milh\u00f5es de litros de \u00e1gua no Litoral, um volume quase 40% a mais do que no mesmo per\u00edodo de 2023, quando se registrou 237,8 milh\u00f5es de litros. O pico do consumo foi no domingo (11), com 88 milh\u00f5es de litros de \u00e1gua. Na segunda-feira (12), a produ\u00e7\u00e3o foi 50% maior do que a segunda-feira de Carnaval de 2023. Neste ano, o consumo chegou a 82,6 milh\u00f5es de litros, enquanto no ano passado foi de 55 milh\u00f5es.<\/p>\n\n\n\n<p>Al\u00e9m do grande movimento de turistas, as altas temperaturas nas cidades do Litoral contribu\u00edram para o aumento no consumo de \u00e1gua. Em Morretes e em Guaratuba, o Sistema Meteorol\u00f3gico do Paran\u00e1 (Simepar) registrou temperaturas e sensa\u00e7\u00e3o t\u00e9rmica acima de 40 graus.<\/p>\n\n\n\n<p>A Sanepar injetou durante o feriado 1,4 milh\u00e3o de litros de \u00e1gua nas redes de distribui\u00e7\u00e3o para refor\u00e7ar o abastecimento em momentos de maior consumo. Tamb\u00e9m foi necess\u00e1rio acionar o gerador de energia na esta\u00e7\u00e3o de tratamento de \u00e1gua de Morretes e na capta\u00e7\u00e3o do Rio Cambar\u00e1, na esta\u00e7\u00e3o de tratamento de \u00e1gua de Matinhos.<\/p>\n\n\n\n<p>A estrutura de abastecimento neste ano teve seis reservat\u00f3rios\/cont\u00eaineres, al\u00e9m da loca\u00e7\u00e3o de 33 geradores de energia para as unidades de capta\u00e7\u00e3o, tratamento, reserva\u00e7\u00e3o e distribui\u00e7\u00e3o de \u00e1gua e tamb\u00e9m para o sistema de coleta e tratamento de esgoto.<\/p>\n\n\n\n<p>AEN\/PR<\/p>\n","protected":false},"excerpt":{"rendered":"<p>A Sanepar produziu no Carnaval cerca de 330 milh\u00f5es de litros de \u00e1gua no Litoral, um volume quase 40% a mais do que no mesmo per\u00edodo de 2023, quando se registrou 237,8 milh\u00f5es de litros. O pico do consumo foi no domingo (11), com 88 milh\u00f5es de litros de \u00e1gua. Na segunda-feira (12), a produ\u00e7\u00e3o [&hellip;]<\/p>\n","protected":false},"author":2,"featured_media":57889,"comment_status":"open","ping_status":"open","sticky":false,"template":"","format":"standard","meta":{"advanced_seo_description":"","jetpack_seo_html_title":"","jetpack_seo_noindex":false,"_jetpack_memberships_contains_paid_content":false,"footnotes":""},"categories":[91],"tags":[],"class_list":{"0":"post-57888","1":"post","2":"type-post","3":"status-publish","4":"format-standard","5":"has-post-thumbnail","7":"category-litoral"},"jetpack_featured_media_url":"https:\/\/www.paranapraia.com.br\/wp-content\/uploads\/2024\/02\/matinhos_foto_rdzura-0275-scaled.jpg","jetpack_sharing_enabled":true,"_links":{"self":[{"href":"https:\/\/www.paranapraia.com.br\/index.php\/wp-json\/wp\/v2\/posts\/57888"}],"collection":[{"href":"https:\/\/www.paranapraia.com.br\/index.php\/wp-json\/wp\/v2\/posts"}],"about":[{"href":"https:\/\/www.paranapraia.com.br\/index.php\/wp-json\/wp\/v2\/types\/post"}],"author":[{"embeddable":true,"href":"https:\/\/www.paranapraia.com.br\/index.php\/wp-json\/wp\/v2\/users\/2"}],"replies":[{"embeddable":true,"href":"https:\/\/www.paranapraia.com.br\/index.php\/wp-json\/wp\/v2\/comments?post=57888"}],"version-history":[{"count":1,"href":"https:\/\/www.paranapraia.com.br\/index.php\/wp-json\/wp\/v2\/posts\/57888\/revisions"}],"predecessor-version":[{"id":57890,"href":"https:\/\/www.paranapraia.com.br\/index.php\/wp-json\/wp\/v2\/posts\/57888\/revisions\/57890"}],"wp:featuredmedia":[{"embeddable":true,"href":"https:\/\/www.paranapraia.com.br\/index.php\/wp-json\/wp\/v2\/media\/57889"}],"wp:attachment":[{"href":"https:\/\/www.paranapraia.com.br\/index.php\/wp-json\/wp\/v2\/media?parent=57888"}],"wp:term":[{"taxonomy":"category","embeddable":true,"href":"https:\/\/www.paranapraia.com.br\/index.php\/wp-json\/wp\/v2\/categories?post=57888"},{"taxonomy":"post_tag","embeddable":true,"href":"https:\/\/www.paranapraia.com.br\/index.php\/wp-json\/wp\/v2\/tags?post=57888"}],"curies":[{"name":"wp","href":"https:\/\/api.w.org\/{rel}","templated":true}]}}