{"id":57885,"date":"2024-02-09T17:45:32","date_gmt":"2024-02-09T20:45:32","guid":{"rendered":"https:\/\/www.paranapraia.com.br\/?p=57885"},"modified":"2024-03-13T12:18:57","modified_gmt":"2024-03-13T15:18:57","slug":"boletim-da-dengue-confirma-8-441-novos-casos-e-mais-sete-obitos-no-parana","status":"publish","type":"post","link":"https:\/\/www.paranapraia.com.br\/index.php\/2024\/02\/09\/boletim-da-dengue-confirma-8-441-novos-casos-e-mais-sete-obitos-no-parana\/","title":{"rendered":"Boletim da dengue confirma 8.441 novos casos e mais sete \u00f3bitos no Paran\u00e1"},"content":{"rendered":"\n<p>O Informe Semanal da Dengue divulgado nesta quarta-feira (14) pela Secretaria de Estado da Sa\u00fade (Sesa) registra 8.441 novos casos e mais sete \u00f3bitos pela doen\u00e7a no Paran\u00e1. O per\u00edodo sazonal 2023\/2024, que teve in\u00edcio em julho do ano passado, soma 37.516 casos confirmados.<\/p>\n\n\n\n<p>As sete novas mortes aconteceram em Antonina, Mariluz, Arapongas, Paranava\u00ed, Apucarana (2) e Londrina, entre os dias 11 e 27 de janeiro. S\u00e3o tr\u00eas mulheres e quatro homens, com idades entre 24 e 75 anos. Ao todo, o Paran\u00e1 soma 15 \u00f3bitos pela doen\u00e7a.<\/p>\n\n\n\n<p>O 23\u00ba Informe Epidemiol\u00f3gico publicado pela Vigil\u00e2ncia Ambiental da Sesa tamb\u00e9m contabiliza 111.147 notifica\u00e7\u00f5es, 26.397 casos em investiga\u00e7\u00e3o e 42.397 descartados.<\/p>\n\n\n\n<p>As Regionais de Sa\u00fade com mais casos confirmados de dengue s\u00e3o a 16\u00aa RS de Apucarana (9.331), 14\u00aa RS de Paranava\u00ed (3.379), 17\u00aa RS de Londrina (3.353), 22\u00aa RS de Ivaipor\u00e3 (3.246) e 10\u00aa RS de Cascavel (3.095).<\/p>\n\n\n\n<p>J\u00e1 os munic\u00edpios que apresentam mais confirma\u00e7\u00f5es s\u00e3o Apucarana (6.707), Londrina (2.718), Ivaipor\u00e3 (1.841), Maring\u00e1 (1.755), Paranava\u00ed (1.583), Jandaia do Sul (1.207) e Santa Izabel do Oeste (1.117).<\/p>\n\n\n\n<p>O secret\u00e1rio de Estado da Sa\u00fade, Beto Preto, ressalta que o Estado tem se empenhado em diversas frentes para conter o avan\u00e7o de casos, desde o envio de equipes especialistas aos munic\u00edpios at\u00e9 a reativa\u00e7\u00e3o do Comit\u00ea Estadual Intersetorial de Dengue. \u201cNo entanto, precisamos de uni\u00e3o para vencer este combate. Muitas vezes, o foco do mosquito \u00e9 encontrado em \u00e1reas domiciliares e a conscientiza\u00e7\u00e3o \u00e9 indispens\u00e1vel para somar for\u00e7as nessa luta\u201d, avaliou.<\/p>\n\n\n\n<p><strong>SINTOMAS<\/strong>&nbsp;\u2013&nbsp;A transmiss\u00e3o da dengue acontece com a picada da f\u00eamea do mosquito&nbsp;<em>Aedes aegypti&nbsp;<\/em>infectado com o v\u00edrus. Os sintomas podem aparecer em at\u00e9 15 dias.<\/p>\n\n\n\n<p>Normalmente, a primeira manifesta\u00e7\u00e3o da doen\u00e7a \u00e9 febre alta (39\u00b0C a 40\u00b0C) que dura de dois a sete dias, acompanhada de dor de cabe\u00e7a, fraqueza, dores no corpo, nas articula\u00e7\u00f5es e no fundo dos olhos. Pode haver manchas que atingem a face, tronco, bra\u00e7os e pernas. Perda de apetite, n\u00e1useas e v\u00f4mitos tamb\u00e9m podem ocorrer.<\/p>\n\n\n\n<p><strong>CHIKUNGUNYA E ZIKA&nbsp;<\/strong>\u2013&nbsp;O boletim ainda traz dados sobre a doen\u00e7a Chikungunya no Estado. Atualmente, o Paran\u00e1 soma 57 casos confirmados, sendo 41 aut\u00f3ctones (quando a doen\u00e7a \u00e9 contra\u00edda no munic\u00edpio de resid\u00eancia). H\u00e1, ainda, 190 casos em investiga\u00e7\u00e3o e 519 notifica\u00e7\u00f5es.<\/p>\n\n\n\n<p>Desde o in\u00edcio deste per\u00edodo n\u00e3o houve confirma\u00e7\u00e3o de casos de zika v\u00edrus. Foram registradas 64 notifica\u00e7\u00f5es.<\/p>\n\n\n\n<p><strong>O boletim completo pode ser consultado\u00a0<a href=\"https:\/\/www.documentador.pr.gov.br\/documentador\/pub.do?action=d&amp;uuid=@gtf-escriba-sesa@5ecf7880-c564-4c31-adf3-d6fdf5455897&amp;emPg=true\" target=\"_blank\" rel=\"noreferrer noopener\">AQUI<\/a>. Mais informa\u00e7\u00f5es est\u00e3o\u00a0<a href=\"https:\/\/www.dengue.pr.gov.br\/Pagina\/Boletins-da-Dengue\" target=\"_blank\" rel=\"noreferrer noopener\">AQUI<\/a>.<\/strong><\/p>\n\n\n\n<p>AEN\/PR<\/p>\n","protected":false},"excerpt":{"rendered":"<p>O Informe Semanal da Dengue divulgado nesta quarta-feira (14) pela Secretaria de Estado da Sa\u00fade (Sesa) registra 8.441 novos casos e mais sete \u00f3bitos pela doen\u00e7a no Paran\u00e1. O per\u00edodo sazonal 2023\/2024, que teve in\u00edcio em julho do ano passado, soma 37.516 casos confirmados. As sete novas mortes aconteceram em Antonina, Mariluz, Arapongas, Paranava\u00ed, Apucarana [&hellip;]<\/p>\n","protected":false},"author":2,"featured_media":57886,"comment_status":"open","ping_status":"open","sticky":false,"template":"","format":"standard","meta":{"advanced_seo_description":"","jetpack_seo_html_title":"","jetpack_seo_noindex":false,"_jetpack_memberships_contains_paid_content":false,"footnotes":""},"categories":[1],"tags":[],"class_list":{"0":"post-57885","1":"post","2":"type-post","3":"status-publish","4":"format-standard","5":"has-post-thumbnail","7":"category-sem-categoria"},"jetpack_featured_media_url":"https:\/\/www.paranapraia.com.br\/wp-content\/uploads\/2024\/02\/dengue_2023.jpg","jetpack_sharing_enabled":true,"_links":{"self":[{"href":"https:\/\/www.paranapraia.com.br\/index.php\/wp-json\/wp\/v2\/posts\/57885"}],"collection":[{"href":"https:\/\/www.paranapraia.com.br\/index.php\/wp-json\/wp\/v2\/posts"}],"about":[{"href":"https:\/\/www.paranapraia.com.br\/index.php\/wp-json\/wp\/v2\/types\/post"}],"author":[{"embeddable":true,"href":"https:\/\/www.paranapraia.com.br\/index.php\/wp-json\/wp\/v2\/users\/2"}],"replies":[{"embeddable":true,"href":"https:\/\/www.paranapraia.com.br\/index.php\/wp-json\/wp\/v2\/comments?post=57885"}],"version-history":[{"count":1,"href":"https:\/\/www.paranapraia.com.br\/index.php\/wp-json\/wp\/v2\/posts\/57885\/revisions"}],"predecessor-version":[{"id":57887,"href":"https:\/\/www.paranapraia.com.br\/index.php\/wp-json\/wp\/v2\/posts\/57885\/revisions\/57887"}],"wp:featuredmedia":[{"embeddable":true,"href":"https:\/\/www.paranapraia.com.br\/index.php\/wp-json\/wp\/v2\/media\/57886"}],"wp:attachment":[{"href":"https:\/\/www.paranapraia.com.br\/index.php\/wp-json\/wp\/v2\/media?parent=57885"}],"wp:term":[{"taxonomy":"category","embeddable":true,"href":"https:\/\/www.paranapraia.com.br\/index.php\/wp-json\/wp\/v2\/categories?post=57885"},{"taxonomy":"post_tag","embeddable":true,"href":"https:\/\/www.paranapraia.com.br\/index.php\/wp-json\/wp\/v2\/tags?post=57885"}],"curies":[{"name":"wp","href":"https:\/\/api.w.org\/{rel}","templated":true}]}}