{"id":57882,"date":"2024-02-14T12:42:37","date_gmt":"2024-02-14T15:42:37","guid":{"rendered":"https:\/\/www.paranapraia.com.br\/?p=57882"},"modified":"2024-02-19T14:15:25","modified_gmt":"2024-02-19T17:15:25","slug":"carnaval-no-litoral-do-parana-pmpr-garante-a-seguranca-e-tranquilidade-nos-primeiros-dias-de-folia","status":"publish","type":"post","link":"https:\/\/www.paranapraia.com.br\/index.php\/2024\/02\/14\/carnaval-no-litoral-do-parana-pmpr-garante-a-seguranca-e-tranquilidade-nos-primeiros-dias-de-folia\/","title":{"rendered":"Carnaval no Litoral do Paran\u00e1: PMPR garante a seguran\u00e7a e tranquilidade nos primeiros dias de folia"},"content":{"rendered":"\n<p>Os primeiros dias de folia no litoral do estado do Paran\u00e1 foram marcados pela alegria e, principalmente, pela seguran\u00e7a proporcionada pela atua\u00e7\u00e3o eficaz da Pol\u00edcia Militar do Paran\u00e1 (PMPR). Com um p\u00fablico estimado em 525 mil pessoas nos dias 10 e 11 de fevereiro, a presen\u00e7a policial garantiu um ambiente tranquilo e seguro para todas as fam\u00edlias e foli\u00f5es que participaram dos eventos.<\/p>\n\n\n\n<p>O sucesso da opera\u00e7\u00e3o carnaval pode ser atribu\u00eddo ao planejamento e \u00e0 dedica\u00e7\u00e3o da tropa em todo o territ\u00f3rio dos eventos. A PMPR mobilizou todo o efetivo da Opera\u00e7\u00e3o Ver\u00e3o Maior Paran\u00e1 Seguro, contando tamb\u00e9m com as tropas especializadas, al\u00e9m do apoio estrat\u00e9gico dos drones da Secretaria de Seguran\u00e7a P\u00fablica do Paran\u00e1 (SESP) e das aeronaves do Batalh\u00e3o de Pol\u00edcia Militar de Opera\u00e7\u00f5es A\u00e9reas (BPMOA).<\/p>\n\n\n\n<p>O Comandante-Geral da PMPR, coronel Jefferson Silva, destacou a import\u00e2ncia do trabalho conjunto e do refor\u00e7o do policiamento para o \u00eaxito da opera\u00e7\u00e3o. &#8220;Estamos extremamente satisfeitos com o sucesso da opera\u00e7\u00e3o carnaval at\u00e9 aqui. A presen\u00e7a ostensiva da Pol\u00edcia Militar em todas as cidades do litoral, aliada ao suporte a\u00e9reo proporcionado pelos drones e aeronaves, foi fundamental para garantir a seguran\u00e7a tanto por terra quanto pelo ar.&#8221;<\/p>\n\n\n\n<p>O coronel Jefferson tamb\u00e9m expressou seu reconhecimento \u00e0 dedica\u00e7\u00e3o dos policiais envolvidos e \u00e0 colabora\u00e7\u00e3o da comunidade. &#8220;O empenho da tropa e a parceria com a popula\u00e7\u00e3o foram cruciais. Nossa miss\u00e3o \u00e9 proporcionar um ambiente seguro para que todos possam aproveitar o carnaval com tranquilidade. Agrade\u00e7o a todos os policiais envolvidos e \u00e0 popula\u00e7\u00e3o pelo apoio e confian\u00e7a depositada em nosso trabalho&#8221;, concluiu o Comandante-Geral.<\/p>\n\n\n\n<p>A atua\u00e7\u00e3o efetiva da Pol\u00edcia Militar do Paran\u00e1 demonstra o compromisso em assegurar a ordem e a seguran\u00e7a durante as festividades, contribuindo para que o carnaval no litoral do estado seja lembrado n\u00e3o apenas pela alegria, mas tamb\u00e9m pela paz e tranquilidade que marcaram dias de folia.<br><br>Comunica\u00e7\u00e3o Social PMPR<\/p>\n","protected":false},"excerpt":{"rendered":"<p>Os primeiros dias de folia no litoral do estado do Paran\u00e1 foram marcados pela alegria e, principalmente, pela seguran\u00e7a proporcionada pela atua\u00e7\u00e3o eficaz da Pol\u00edcia Militar do Paran\u00e1 (PMPR). Com um p\u00fablico estimado em 525 mil pessoas nos dias 10 e 11 de fevereiro, a presen\u00e7a policial garantiu um ambiente tranquilo e seguro para todas [&hellip;]<\/p>\n","protected":false},"author":2,"featured_media":57883,"comment_status":"open","ping_status":"open","sticky":false,"template":"","format":"standard","meta":{"advanced_seo_description":"","jetpack_seo_html_title":"","jetpack_seo_noindex":false,"_jetpack_memberships_contains_paid_content":false,"footnotes":""},"categories":[1],"tags":[],"class_list":{"0":"post-57882","1":"post","2":"type-post","3":"status-publish","4":"format-standard","5":"has-post-thumbnail","7":"category-sem-categoria"},"jetpack_featured_media_url":"https:\/\/www.paranapraia.com.br\/wp-content\/uploads\/2024\/02\/carnaval_matinhos_4-scaled.jpg","jetpack_sharing_enabled":true,"_links":{"self":[{"href":"https:\/\/www.paranapraia.com.br\/index.php\/wp-json\/wp\/v2\/posts\/57882"}],"collection":[{"href":"https:\/\/www.paranapraia.com.br\/index.php\/wp-json\/wp\/v2\/posts"}],"about":[{"href":"https:\/\/www.paranapraia.com.br\/index.php\/wp-json\/wp\/v2\/types\/post"}],"author":[{"embeddable":true,"href":"https:\/\/www.paranapraia.com.br\/index.php\/wp-json\/wp\/v2\/users\/2"}],"replies":[{"embeddable":true,"href":"https:\/\/www.paranapraia.com.br\/index.php\/wp-json\/wp\/v2\/comments?post=57882"}],"version-history":[{"count":1,"href":"https:\/\/www.paranapraia.com.br\/index.php\/wp-json\/wp\/v2\/posts\/57882\/revisions"}],"predecessor-version":[{"id":57884,"href":"https:\/\/www.paranapraia.com.br\/index.php\/wp-json\/wp\/v2\/posts\/57882\/revisions\/57884"}],"wp:featuredmedia":[{"embeddable":true,"href":"https:\/\/www.paranapraia.com.br\/index.php\/wp-json\/wp\/v2\/media\/57883"}],"wp:attachment":[{"href":"https:\/\/www.paranapraia.com.br\/index.php\/wp-json\/wp\/v2\/media?parent=57882"}],"wp:term":[{"taxonomy":"category","embeddable":true,"href":"https:\/\/www.paranapraia.com.br\/index.php\/wp-json\/wp\/v2\/categories?post=57882"},{"taxonomy":"post_tag","embeddable":true,"href":"https:\/\/www.paranapraia.com.br\/index.php\/wp-json\/wp\/v2\/tags?post=57882"}],"curies":[{"name":"wp","href":"https:\/\/api.w.org\/{rel}","templated":true}]}}