{"id":57879,"date":"2024-02-12T11:09:52","date_gmt":"2024-02-12T14:09:52","guid":{"rendered":"https:\/\/www.paranapraia.com.br\/?p=57879"},"modified":"2024-03-13T12:17:29","modified_gmt":"2024-03-13T15:17:29","slug":"pm-reforca-policiamento-estrategico-em-curitiba-e-litoral-para-o-carnaval","status":"publish","type":"post","link":"https:\/\/www.paranapraia.com.br\/index.php\/2024\/02\/12\/pm-reforca-policiamento-estrategico-em-curitiba-e-litoral-para-o-carnaval\/","title":{"rendered":"PM refor\u00e7a policiamento estrat\u00e9gico em Curitiba e Litoral para o Carnaval"},"content":{"rendered":"\n<p>As cidades de Matinhos, Guaratuba, Pontal do Paran\u00e1, Antonina e Morretes, que v\u00e3o receber o maior n\u00famero de turistas nesse feriado, ter\u00e3o aumento no policiamento por parte da Pol\u00edcia Militar. O acordo foi definido em uma reuni\u00e3o ocorrida na manh\u00e3 desta quinta-feira (08) em Matinhos, com a presen\u00e7a do comandante-geral da PM, coronel Jefferson Silva, do subcomandante-geral, coronel Paulo Henrique Semmer, e do coronel Darany Luiz Alves de Oliveira, comandante do 6\u00ba Comando Regional de Pol\u00edcia Militar (6\u00ba CRPM).<\/p>\n\n\n\n<p>Al\u00e9m do emprego de unidades especializadas, principalmente para grandes eventos de rua, e de policiais do Ver\u00e3o Maior Paran\u00e1, alunos soldados do Curso de Forma\u00e7\u00e3o de Pra\u00e7as da Academia Policial Militar do Guatup\u00ea e cadetes da Escola de Forma\u00e7\u00e3o de Oficiais (ESFo) tamb\u00e9m v\u00e3o participar das a\u00e7\u00f5es de prote\u00e7\u00e3o e orienta\u00e7\u00e3o a moradores e turistas.<\/p>\n\n\n\n<p><strong>CAPITAL&nbsp;<\/strong>\u2013 A&nbsp;Pol\u00edcia Militar tamb\u00e9m anunciou um refor\u00e7o no policiamento no Centro da Capital para que as festividades e o tradicional desfile das escolas de samba aconte\u00e7a com seguran\u00e7a e tranquilidade. A orienta\u00e7\u00e3o tamb\u00e9m \u00e9 que comercializa\u00e7\u00e3o e consumo de bebidas aconte\u00e7am em recipientes de pl\u00e1stico nos locais de eventos. As for\u00e7as de seguran\u00e7a estaduais v\u00e3o trabalhar em parceria com a Guarda Municipal.<\/p>\n\n\n\n<p><strong>ORIENTA\u00c7\u00c3O&nbsp;<\/strong>\u2013&nbsp;Uma orienta\u00e7\u00e3o geral para foli\u00f5es de todas essas cidades \u00e9 evitar garrafas de vidros nos blocos, desfiles e locais de concentra\u00e7\u00e3o dos trios el\u00e9tricos.&nbsp;A PMPR tamb\u00e9m orienta a popula\u00e7\u00e3o sobre medidas de seguran\u00e7a a serem adotadas durante as festividades. Entre elas est\u00e3o os cuidados com pertences pessoais e objetos de alto valor, aten\u00e7\u00e3o para transa\u00e7\u00f5es comerciais, seja com o uso de dinheiro em esp\u00e9cie ou com cart\u00f5es ou PIC. Outra norma \u00e9 evitar o consumo de bebidas alco\u00f3licas se estiver na condu\u00e7\u00e3o de ve\u00edculos.<\/p>\n\n\n\n<p><strong>DEN\u00daNCIAS\u00a0<\/strong>\u2013 Den\u00fancias podem ser feitas pelo telefone 190 e pelo Disque-Den\u00fancia no n\u00famero 181.<\/p>\n\n\n\n<p>AEN<\/p>\n","protected":false},"excerpt":{"rendered":"<p>As cidades de Matinhos, Guaratuba, Pontal do Paran\u00e1, Antonina e Morretes, que v\u00e3o receber o maior n\u00famero de turistas nesse feriado, ter\u00e3o aumento no policiamento por parte da Pol\u00edcia Militar. O acordo foi definido em uma reuni\u00e3o ocorrida na manh\u00e3 desta quinta-feira (08) em Matinhos, com a presen\u00e7a do comandante-geral da PM, coronel Jefferson Silva, [&hellip;]<\/p>\n","protected":false},"author":2,"featured_media":57880,"comment_status":"open","ping_status":"open","sticky":false,"template":"","format":"standard","meta":{"advanced_seo_description":"","jetpack_seo_html_title":"","jetpack_seo_noindex":false,"_jetpack_memberships_contains_paid_content":false,"footnotes":""},"categories":[40],"tags":[],"class_list":{"0":"post-57879","1":"post","2":"type-post","3":"status-publish","4":"format-standard","5":"has-post-thumbnail","7":"category-destaques"},"jetpack_featured_media_url":"https:\/\/www.paranapraia.com.br\/wp-content\/uploads\/2024\/02\/forcas_seguranca_foto_rdzura-3373-scaled.jpg","jetpack_sharing_enabled":true,"_links":{"self":[{"href":"https:\/\/www.paranapraia.com.br\/index.php\/wp-json\/wp\/v2\/posts\/57879"}],"collection":[{"href":"https:\/\/www.paranapraia.com.br\/index.php\/wp-json\/wp\/v2\/posts"}],"about":[{"href":"https:\/\/www.paranapraia.com.br\/index.php\/wp-json\/wp\/v2\/types\/post"}],"author":[{"embeddable":true,"href":"https:\/\/www.paranapraia.com.br\/index.php\/wp-json\/wp\/v2\/users\/2"}],"replies":[{"embeddable":true,"href":"https:\/\/www.paranapraia.com.br\/index.php\/wp-json\/wp\/v2\/comments?post=57879"}],"version-history":[{"count":1,"href":"https:\/\/www.paranapraia.com.br\/index.php\/wp-json\/wp\/v2\/posts\/57879\/revisions"}],"predecessor-version":[{"id":57881,"href":"https:\/\/www.paranapraia.com.br\/index.php\/wp-json\/wp\/v2\/posts\/57879\/revisions\/57881"}],"wp:featuredmedia":[{"embeddable":true,"href":"https:\/\/www.paranapraia.com.br\/index.php\/wp-json\/wp\/v2\/media\/57880"}],"wp:attachment":[{"href":"https:\/\/www.paranapraia.com.br\/index.php\/wp-json\/wp\/v2\/media?parent=57879"}],"wp:term":[{"taxonomy":"category","embeddable":true,"href":"https:\/\/www.paranapraia.com.br\/index.php\/wp-json\/wp\/v2\/categories?post=57879"},{"taxonomy":"post_tag","embeddable":true,"href":"https:\/\/www.paranapraia.com.br\/index.php\/wp-json\/wp\/v2\/tags?post=57879"}],"curies":[{"name":"wp","href":"https:\/\/api.w.org\/{rel}","templated":true}]}}