{"id":57876,"date":"2024-02-11T11:07:36","date_gmt":"2024-02-11T14:07:36","guid":{"rendered":"https:\/\/www.paranapraia.com.br\/?p=57876"},"modified":"2024-03-13T12:17:55","modified_gmt":"2024-03-13T15:17:55","slug":"com-763-usuarios-cadeiras-anfibias-do-litoral-batem-recorde-de-atendimentos","status":"publish","type":"post","link":"https:\/\/www.paranapraia.com.br\/index.php\/2024\/02\/11\/com-763-usuarios-cadeiras-anfibias-do-litoral-batem-recorde-de-atendimentos\/","title":{"rendered":"Com 763 usu\u00e1rios, cadeiras anf\u00edbias do Litoral batem recorde de atendimentos"},"content":{"rendered":"\n<p>O programa Praia Acess\u00edvel bateu recorde de atendimento no Ver\u00e3o Maior Paran\u00e1 2023\/2024. Foram 763 atendimentos durante 38 dias de atividades no Litoral.&nbsp;O programa auxilia pessoas com defici\u00eancia ou baixa mobilidade a passarem o dia na praia ou tomarem banho de mar, sempre com aux\u00edlio de profissionais ou estudantes contratados pelo Estado. Ele \u00e9 fruto de uma parceria entre a Secretaria do Desenvolvimento Social e Fam\u00edlia (Sedef) e a Sanepar.<\/p>\n\n\n\n<p>\u00c9 o maior n\u00famero de atendimentos j\u00e1 registrado, batendo o recorde anterior, de 2022\/2023, com 385 usu\u00e1rios. As atividades come\u00e7aram a ser oferecidas nas praias em 2017, com 57 atendimentos.<\/p>\n\n\n\n<p>Para o secret\u00e1rio do Desenvolvimento Social e Fam\u00edlia, Rog\u00e9rio Carboni, o programa \u00e9 um sucesso e ganha corpo a cada ano com a divulga\u00e7\u00e3o da oferta. \u201cN\u00e3o h\u00e1 d\u00favidas que tivemos uma temporada muito acess\u00edvel para as pessoas com defici\u00eancia e baixa mobilidade. Refor\u00e7amos muito esse ano a divulga\u00e7\u00e3o para que nossos idosos ou pessoas com algum tipo de restri\u00e7\u00e3o entrassem no mar com tranquilidade\u201d, explicou.<\/p>\n\n\n\n<p>As cadeiras estavam dispon\u00edveis em seis pontos do Litoral, em Caiob\u00e1, Matinhos, Guaratuba, Praia de Leste, Ipanema e Shangri-l\u00e1.\u00a0As praias com maior fluxo de atendimento foram Shangri-l\u00e1 e Caiob\u00e1, com 202 e 174, respectivamente. Foram 363 atendimentos entre mulheres e 400 atendimentos foram para homens. Dos 763 atendimentos, 730 foram realizados para pessoas com defici\u00eancia e 33 para pessoas com baixa mobilidade, inclusive para idosos com mais de 100 anos.<\/p>\n\n\n\n<p>Alcides Miguel Krzyzanovski, de 53 anos, que mora em Campo Largo, na Regi\u00e3o Metropolitana de Curitiba, tem distrofia muscular e h\u00e1 40 anos n\u00e3o entrava no mar. \u201cRealizei meu sonho de guri de entrar no mar. A sensa\u00e7\u00e3o foi muito boa, porque n\u00f3s somos meio diferentes das demais pessoas, mas queremos as mesmas oportunidades, sentirmos as mesmas sensa\u00e7\u00f5es e esse projeto me permitiu isso\u201d, declarou.<\/p>\n\n\n\n<p>Solange Dalazoana Rolim, de S\u00e3o Jos\u00e9 dos Pinhais, tamb\u00e9m na RMC, acompanhou a m\u00e3e de 101 anos no banho de mar. Para ela, a experi\u00eancia foi satisfat\u00f3ria tanto para a fam\u00edlia, quanto para dona Delvina. \u201cFoi muito bom, eu vi que ela gostou e ficamos at\u00e9 emocionados porque h\u00e1 muito tempo ela n\u00e3o entrava no mar. Com a cadeira, ela pode aproveitar muito o banho de mar\u201d, contou.<\/p>\n\n\n\n<p><strong>OESTE&nbsp;<\/strong>\u2013&nbsp;Al\u00e9m do Litoral, o Praia Acess\u00edvel \u00e9 executado em parceria com os munic\u00edpios de Itaipul\u00e2ndia e Santa Helena, nas praias de \u00e1gua doce, e em Paranagu\u00e1, na Ilha do Mel.&nbsp;Esses pontos continuam com atendimentos at\u00e9 o dia 14 de fevereiro.<\/p>\n\n\n\n<p><strong>MELHORIAS\u00a0<\/strong>\u2013 Em parceria com a Funda\u00e7\u00e3o Arauc\u00e1ria, por meio do Novo Arranjo de Pesquisa e Inova\u00e7\u00e3o\u00a0(NAPI) Tecnologia Assistiva, e o Laborat\u00f3rio de Ergonomia e Usabilidade da Universidade Federal do Paran\u00e1 (UFPR), foram avaliados os equipamentos utilizados nesta temporada para que possam ser propostas melhorias para 2024\/2025. As moderniza\u00e7\u00f5es v\u00e3o ser propostas no encosto da cadeira, nos coletes salva-vidas, faixa para os p\u00e9s, entre outros itens.<\/p>\n\n\n\n<p>AEN<\/p>\n","protected":false},"excerpt":{"rendered":"<p>O programa Praia Acess\u00edvel bateu recorde de atendimento no Ver\u00e3o Maior Paran\u00e1 2023\/2024. Foram 763 atendimentos durante 38 dias de atividades no Litoral.&nbsp;O programa auxilia pessoas com defici\u00eancia ou baixa mobilidade a passarem o dia na praia ou tomarem banho de mar, sempre com aux\u00edlio de profissionais ou estudantes contratados pelo Estado. Ele \u00e9 fruto [&hellip;]<\/p>\n","protected":false},"author":2,"featured_media":57877,"comment_status":"open","ping_status":"open","sticky":false,"template":"","format":"standard","meta":{"advanced_seo_description":"","jetpack_seo_html_title":"","jetpack_seo_noindex":false,"_jetpack_memberships_contains_paid_content":false,"footnotes":""},"categories":[40],"tags":[],"class_list":{"0":"post-57876","1":"post","2":"type-post","3":"status-publish","4":"format-standard","5":"has-post-thumbnail","7":"category-destaques"},"jetpack_featured_media_url":"https:\/\/www.paranapraia.com.br\/wp-content\/uploads\/2024\/02\/cadeira_anfibia_foto_rdziura-5696-scaled.jpg","jetpack_sharing_enabled":true,"_links":{"self":[{"href":"https:\/\/www.paranapraia.com.br\/index.php\/wp-json\/wp\/v2\/posts\/57876"}],"collection":[{"href":"https:\/\/www.paranapraia.com.br\/index.php\/wp-json\/wp\/v2\/posts"}],"about":[{"href":"https:\/\/www.paranapraia.com.br\/index.php\/wp-json\/wp\/v2\/types\/post"}],"author":[{"embeddable":true,"href":"https:\/\/www.paranapraia.com.br\/index.php\/wp-json\/wp\/v2\/users\/2"}],"replies":[{"embeddable":true,"href":"https:\/\/www.paranapraia.com.br\/index.php\/wp-json\/wp\/v2\/comments?post=57876"}],"version-history":[{"count":1,"href":"https:\/\/www.paranapraia.com.br\/index.php\/wp-json\/wp\/v2\/posts\/57876\/revisions"}],"predecessor-version":[{"id":57878,"href":"https:\/\/www.paranapraia.com.br\/index.php\/wp-json\/wp\/v2\/posts\/57876\/revisions\/57878"}],"wp:featuredmedia":[{"embeddable":true,"href":"https:\/\/www.paranapraia.com.br\/index.php\/wp-json\/wp\/v2\/media\/57877"}],"wp:attachment":[{"href":"https:\/\/www.paranapraia.com.br\/index.php\/wp-json\/wp\/v2\/media?parent=57876"}],"wp:term":[{"taxonomy":"category","embeddable":true,"href":"https:\/\/www.paranapraia.com.br\/index.php\/wp-json\/wp\/v2\/categories?post=57876"},{"taxonomy":"post_tag","embeddable":true,"href":"https:\/\/www.paranapraia.com.br\/index.php\/wp-json\/wp\/v2\/tags?post=57876"}],"curies":[{"name":"wp","href":"https:\/\/api.w.org\/{rel}","templated":true}]}}