{"id":57873,"date":"2024-02-13T13:22:04","date_gmt":"2024-02-13T16:22:04","guid":{"rendered":"https:\/\/www.paranapraia.com.br\/?p=57873"},"modified":"2024-03-13T12:15:58","modified_gmt":"2024-03-13T15:15:58","slug":"entrega-de-titulos-de-propriedade-beneficia-moradores-do-loteamento-praia-mansa-em-pontal-do-parana","status":"publish","type":"post","link":"https:\/\/www.paranapraia.com.br\/index.php\/2024\/02\/13\/entrega-de-titulos-de-propriedade-beneficia-moradores-do-loteamento-praia-mansa-em-pontal-do-parana\/","title":{"rendered":"Entrega de t\u00edtulos de propriedade beneficia moradores do loteamento Praia Mansa em Pontal do Paran\u00e1"},"content":{"rendered":"\n<p>Mais 20 t\u00edtulos de propriedade foram entregues a moradores do loteamento Praia Mansa, fam\u00edlias estabelecidas na regi\u00e3o vizinha ao Pronto Atendimento 24 horas de Praia de Leste, em Pontal do Paran\u00e1. <\/p>\n\n\n\n<p>A solenidade de entrega foi na tarde de quarta (7) na sala de reuni\u00f5es do gabinete, com presen\u00e7a do prefeito Rud\u00e3o Gimenes, da secret\u00e1ria de Direitos Humanos e Defesa da Cidadania, Rosiane Rosa \u201cNega\u201d Borges e da procuradora-geral do munic\u00edpio, Verg\u00ednia Mara Pedroso.<\/p>\n\n\n\n<p>A entrega d\u00e1 sequ\u00eancia \u00e0 pol\u00edtica de regulariza\u00e7\u00e3o fundi\u00e1ria e habita\u00e7\u00e3o que se tornou prioridade na cidade nos \u00faltimos tr\u00eas anos, principal miss\u00e3o da nova secretaria criada para essa finalidade.<\/p>\n\n\n\n<p> A secret\u00e1ria Nega Borges confirmou que a pr\u00f3xima entrega deve contemplar fam\u00edlias da regi\u00e3o do Jacarand\u00e1 2.<\/p>\n\n\n\n<p>Em outras regi\u00f5es, a entrega de t\u00edtulos de propriedade em Pontal do Paran\u00e1 j\u00e1 contemplou centenas de pessoas, como na Figueira (137), em Ipanema (70) e no conjunto Costa Esmeralda (30).<\/p>\n\n\n\n<p> Na semana passada, houve tamb\u00e9m a autoriza\u00e7\u00e3o para in\u00edcio da constru\u00e7\u00e3o no Balne\u00e1rio Pontal do Sul das sete primeiras de 50 casas populares.<\/p>\n\n\n\n<p>Ao mesmo tempo, ap\u00f3s a realiza\u00e7\u00e3o de um mutir\u00e3o no gin\u00e1sio da Escola Ezequiel, continua aberto na Prefeitura o cadastro de moradores para regulariza\u00e7\u00e3o da Ch\u00e1cara S\u00e3o Pedro, iniciativa que deve beneficiar mais de mil pessoas.<\/p>\n\n\n\n<p>Os documentos necess\u00e1rios s\u00e3o contrato de compra e venda (se houver); para os casados RG e CPF da esposa e \/ou do marido, Certid\u00e3o de Casamento, para contato: e-mail e n\u00famero de telefone.<\/p>\n\n\n\n<h1 class=\"wp-block-heading\">pontalquecresce<\/h1>\n\n\n\n<h1 class=\"wp-block-heading\">pontalquecuida<\/h1>\n\n\n\n<h1 class=\"wp-block-heading\">pontalparticipa<\/h1>\n\n\n\n<h1 class=\"wp-block-heading\">pontalasuapraia<\/h1>\n\n\n\n<h1 class=\"wp-block-heading\">pontaldoparana<\/h1>\n\n\n\n<h1 class=\"wp-block-heading\">PrefeituradePontaldoParan\u00e1<\/h1>\n\n\n\n<h1 class=\"wp-block-heading\">direitoshumanosedefesadacidadaniapontaldoparana<\/h1>\n\n\n\n<h1 class=\"wp-block-heading\">regularizac\u0327a\u0303ofundiaria<\/h1>\n\n\n\n<h1 class=\"wp-block-heading\">litoralpr<\/h1>\n\n\n\n<h1 class=\"wp-block-heading\">litoralparanaense<\/h1>\n","protected":false},"excerpt":{"rendered":"<p>Mais 20 t\u00edtulos de propriedade foram entregues a moradores do loteamento Praia Mansa, fam\u00edlias estabelecidas na regi\u00e3o vizinha ao Pronto Atendimento 24 horas de Praia de Leste, em Pontal do Paran\u00e1. A solenidade de entrega foi na tarde de quarta (7) na sala de reuni\u00f5es do gabinete, com presen\u00e7a do prefeito Rud\u00e3o Gimenes, da secret\u00e1ria [&hellip;]<\/p>\n","protected":false},"author":2,"featured_media":57874,"comment_status":"open","ping_status":"open","sticky":false,"template":"","format":"standard","meta":{"advanced_seo_description":"","jetpack_seo_html_title":"","jetpack_seo_noindex":false,"_jetpack_memberships_contains_paid_content":false,"footnotes":""},"categories":[65],"tags":[318],"class_list":{"0":"post-57873","1":"post","2":"type-post","3":"status-publish","4":"format-standard","5":"has-post-thumbnail","7":"category-pontal-do-parana","8":"tag-pontal-do-parana"},"jetpack_featured_media_url":"https:\/\/www.paranapraia.com.br\/wp-content\/uploads\/2024\/02\/FB_IMG_1707409193414-scaled.jpg","jetpack_sharing_enabled":true,"_links":{"self":[{"href":"https:\/\/www.paranapraia.com.br\/index.php\/wp-json\/wp\/v2\/posts\/57873"}],"collection":[{"href":"https:\/\/www.paranapraia.com.br\/index.php\/wp-json\/wp\/v2\/posts"}],"about":[{"href":"https:\/\/www.paranapraia.com.br\/index.php\/wp-json\/wp\/v2\/types\/post"}],"author":[{"embeddable":true,"href":"https:\/\/www.paranapraia.com.br\/index.php\/wp-json\/wp\/v2\/users\/2"}],"replies":[{"embeddable":true,"href":"https:\/\/www.paranapraia.com.br\/index.php\/wp-json\/wp\/v2\/comments?post=57873"}],"version-history":[{"count":1,"href":"https:\/\/www.paranapraia.com.br\/index.php\/wp-json\/wp\/v2\/posts\/57873\/revisions"}],"predecessor-version":[{"id":57875,"href":"https:\/\/www.paranapraia.com.br\/index.php\/wp-json\/wp\/v2\/posts\/57873\/revisions\/57875"}],"wp:featuredmedia":[{"embeddable":true,"href":"https:\/\/www.paranapraia.com.br\/index.php\/wp-json\/wp\/v2\/media\/57874"}],"wp:attachment":[{"href":"https:\/\/www.paranapraia.com.br\/index.php\/wp-json\/wp\/v2\/media?parent=57873"}],"wp:term":[{"taxonomy":"category","embeddable":true,"href":"https:\/\/www.paranapraia.com.br\/index.php\/wp-json\/wp\/v2\/categories?post=57873"},{"taxonomy":"post_tag","embeddable":true,"href":"https:\/\/www.paranapraia.com.br\/index.php\/wp-json\/wp\/v2\/tags?post=57873"}],"curies":[{"name":"wp","href":"https:\/\/api.w.org\/{rel}","templated":true}]}}