{"id":57870,"date":"2024-02-08T13:16:48","date_gmt":"2024-02-08T16:16:48","guid":{"rendered":"https:\/\/www.paranapraia.com.br\/?p=57870"},"modified":"2024-02-08T13:16:50","modified_gmt":"2024-02-08T16:16:50","slug":"unidades-de-conservacao-do-litoral-estarao-abertas-durante-o-carnaval","status":"publish","type":"post","link":"https:\/\/www.paranapraia.com.br\/index.php\/2024\/02\/08\/unidades-de-conservacao-do-litoral-estarao-abertas-durante-o-carnaval\/","title":{"rendered":"Unidades de Conserva\u00e7\u00e3o do Litoral estar\u00e3o abertas durante o Carnaval"},"content":{"rendered":"\n<p>Desbravar o patrim\u00f4nio natural do Estado \u00e9 uma boa op\u00e7\u00e3o de lazer e contato com a natureza durante o feriado prolongado. S\u00e3o 25 Unidades de Conserva\u00e7\u00e3o (UCs) abertas \u00e0 visita\u00e7\u00e3o que funcionar\u00e3o integralmente, durante todas as datas da folga prolongada, incluindo a ter\u00e7a-feira (13), dia em que normalmente os parques fecham para reorganiza\u00e7\u00e3o. Para quem estar\u00e1 no Litoral, o Instituto \u00c1gua e Terra (IAT) preparou algumas dicas:<\/p>\n\n\n\n<p><strong>ANTONINA<\/strong>&nbsp;\u2013 O Parque Estadual Pico Paran\u00e1 \u00e9 um complexo ambiental que abriga o maior pico da regi\u00e3o Sul do Pa\u00eds, o Pico Paran\u00e1 (1.877,39 m), e faz a fama de aventureiros e montanhistas.<\/p>\n\n\n\n<p>Por\u00e9m, por causa das chuvas intensas do final de janeiro, a orienta\u00e7\u00e3o \u00e9 que os visitantes fa\u00e7am as trilhas do Pico Itapiroca (5,5 km) e Caratuva (5 km), e evitem subir nos picos mais extensos. Para quem pretende subir no alto do Paran\u00e1, ser\u00e1 necess\u00e1rio assinar um&nbsp;<a href=\"https:\/\/www.aen.pr.gov.br\/sites\/default\/arquivos_restritos\/files\/documento\/2024-01\/termo_de_conhecimento_de_riscos_pico_parana.pdf\" target=\"_blank\" rel=\"noreferrer noopener\">termo de conhecimento de risco<\/a>&nbsp;antes de ir para a trilha de acesso.<\/p>\n\n\n\n<p>Para chegar, basta acessar a BR-116 e, passando pelo Posto do Tio Doca, entrar \u00e0 direita na Ponte do Rio Tucum, seguindo por 6 km, passando pela Fazenda Pico Paran\u00e1 e Fazenda Rio das Pedras, at\u00e9 a base do IAT no final da estrada. O parque funciona todos os dias, com portaria 24 horas.<\/p>\n\n\n\n<p><strong>PARANAGU\u00c1<\/strong>&nbsp;\u2013 Visitar o Aqu\u00e1rio de Paranagu\u00e1 \u00e9 uma boa oportunidade de apresentar a fauna mar\u00edtima para a crian\u00e7ada. Os visitantes podem conhecer melhor sobre a vida de peixes, tartarugas e raias, entre outras esp\u00e9cies.<\/p>\n\n\n\n<p>Paralelamente, est\u00e1 \u00e0 disposi\u00e7\u00e3o a exposi\u00e7\u00e3o \u201cMergulhando no Clima do Litoral\u201d, organizada pelo IAT, sobre a beleza e a import\u00e2ncia da biodiversidade mar\u00edtima e os esfor\u00e7os para sua prote\u00e7\u00e3o. Ou seja, uma aula de educa\u00e7\u00e3o ambiental. A mostra vai at\u00e9 16 de fevereiro de 2024.<\/p>\n\n\n\n<p>O aqu\u00e1rio funciona das 9h \u00e0s 18h, todos os dias da semana. Fica na Rua Jo\u00e3o R\u00e9gis, no Centro Hist\u00f3rico de Paranagu\u00e1. Os ingressos custam R$ 28. Crian\u00e7as de 5 a 12 anos, estudantes, pessoas com mais dede 60 anos e moradores de Paranagu\u00e1 (\u00e9 necess\u00e1rio apresentar o comprovante) pagam R$ 14.<\/p>\n\n\n\n<p>Tamb\u00e9m em Paranagu\u00e1, outra op\u00e7\u00e3o \u00e9 o Parque Estadual do Palmito. A Unidade de Conserva\u00e7\u00e3o de Prote\u00e7\u00e3o Integral foi criada em 1998 com o objetivo de garantir a conserva\u00e7\u00e3o de uma parcela da floresta de Mata Atl\u00e2ntica por meio da inser\u00e7\u00e3o da silvicultura do palmito-ju\u00e7ara (<em>Euterpe edulis<\/em>) e do palmito-pupunha (<em>Bactris gasipaes<\/em>). A medida busca diminuir a explora\u00e7\u00e3o ilegal e predat\u00f3ria do palmito nativo, garantindo a sustentabilidade da esp\u00e9cie.<\/p>\n\n\n\n<p>S\u00e3o tr\u00eas trilhas que comp\u00f5em o parque: Trilha do Jacu, com aproximadamente 6,5 km; a Trilha Neuton, com 13 km, e a Trilha interpretativa, de 1,6 km. No passeio pode-se observar v\u00e1rias esp\u00e9cies de \u00e1rvores de grande porte, al\u00e9m do palmito, como o jeriv\u00e1 (<em>Syagrus romanzoffiana<\/em>), guanandi (<em>Calophillum brasiliense<\/em>), cupi\u00fava (<em>Tapirira guianensis<\/em>) e figueira (<em>Ficus sp<\/em>), entre outros.<\/p>\n\n\n\n<p>Para chegar at\u00e9 o complexo, os visitantes devem seguir no GPS a seguinte coordenada: 25\u00b035&#8217;35.6&#8243;S 48\u00b033&#8217;34.7&#8243;W. Pela BR-277, \u00e9 indicado acessar a PR-407 (estrada das praias) e seguir em dire\u00e7\u00e3o ao balne\u00e1rio Praia de Leste. Para quem est\u00e1 em Matinhos e Pontal do Paran\u00e1, via PR-412, \u00e9 preciso acessar a PR-407 e seguir em dire\u00e7\u00e3o \u00e0 Paranagu\u00e1.<\/p>\n\n\n\n<p>O hor\u00e1rio de funcionamento \u00e9 das 8h \u00e0s 17h. Para a agendamento pr\u00e9vio, \u00e9 s\u00f3 entrar em contato pelo n\u00famero (41) 3424-5016.<\/p>\n\n\n\n<p><strong>MORRETES&nbsp;<\/strong>\u2013 O Parque Estadual Pico do Marumbi est\u00e1 localizado em Morretes e em dezembro de 2023 retornou com as atividades de camping. Possui 8,7 mil hectares de hist\u00f3ria e conserva\u00e7\u00e3o ambiental.<\/p>\n\n\n\n<p>As reservas para acampar na Unidade de Conserva\u00e7\u00e3o devem ser feitas com, pelo menos, sete dias de anteced\u00eancia por meio do telefone (41) 9-9554-3988 (WhatsApp). O valor \u00e9 de R$ 20 por dia e por campista. O pagamento s\u00f3 \u00e9 feito ap\u00f3s a confirma\u00e7\u00e3o da abertura da vaga pelo IAT, via aplicativo de mensagens. Idosos t\u00eam direito \u00e0 meia-entrada. Crian\u00e7as at\u00e9 12 anos acompanhadas dos pais est\u00e3o isentas.<\/p>\n\n\n\n<p>Como atra\u00e7\u00f5es, o Pico do Marumbi possui a antiga Ferrovia Paranagu\u00e1-Curitiba, com as esta\u00e7\u00f5es do Marumbi e Engenheiro Lange; a cachoeira Salto dos Macacos; o Caminho do Itupava; e o Conjunto do Marumbi, formado por diversos picos que superam mil metros de altitude e d\u00e3o nome ao parque. H\u00e1 tamb\u00e9m a cachoeira Salto dos Macacos.<\/p>\n\n\n\n<p>Para chegar, basta seguir pela BR-116 e entrar na Estrada da Graciosa, seguindo at\u00e9 o vilarejo de Porto de Cima. Os oito quil\u00f4metros restantes, at\u00e9 a Esta\u00e7\u00e3o do Marumbi, devem ser percorridos a p\u00e9, de bicicleta ou de carro com tra\u00e7\u00e3o 4&#215;4. Contato: (41) 3432-0019.<\/p>\n\n\n\n<p>Para entrar no Parque Estadual Pico do Marumbi \u00e9 obrigat\u00f3ria a assinatura do\u00a0<a href=\"https:\/\/www.aen.pr.gov.br\/sites\/default\/arquivos_restritos\/files\/documento\/2024-02\/0802temomarumbi.pdf\" target=\"_blank\" rel=\"noreferrer noopener\">termo de conhecimento de risco<\/a>\u00a0\u00a0que deve ser entregue na portaria do complexo ao chegar no local. Hor\u00e1rio de funcionamento: das 8h \u00e0s 17h.<\/p>\n\n\n\n<p>AEN<\/p>\n","protected":false},"excerpt":{"rendered":"<p>Desbravar o patrim\u00f4nio natural do Estado \u00e9 uma boa op\u00e7\u00e3o de lazer e contato com a natureza durante o feriado prolongado. S\u00e3o 25 Unidades de Conserva\u00e7\u00e3o (UCs) abertas \u00e0 visita\u00e7\u00e3o que funcionar\u00e3o integralmente, durante todas as datas da folga prolongada, incluindo a ter\u00e7a-feira (13), dia em que normalmente os parques fecham para reorganiza\u00e7\u00e3o. Para quem [&hellip;]<\/p>\n","protected":false},"author":2,"featured_media":57871,"comment_status":"open","ping_status":"open","sticky":false,"template":"","format":"standard","meta":{"advanced_seo_description":"","jetpack_seo_html_title":"","jetpack_seo_noindex":false,"_jetpack_memberships_contains_paid_content":false,"footnotes":""},"categories":[1],"tags":[316,487],"class_list":{"0":"post-57870","1":"post","2":"type-post","3":"status-publish","4":"format-standard","5":"has-post-thumbnail","7":"category-sem-categoria","8":"tag-litoral","9":"tag-parana-2"},"jetpack_featured_media_url":"https:\/\/www.paranapraia.com.br\/wp-content\/uploads\/2024\/02\/antonina_005-scaled.jpg","jetpack_sharing_enabled":true,"_links":{"self":[{"href":"https:\/\/www.paranapraia.com.br\/index.php\/wp-json\/wp\/v2\/posts\/57870"}],"collection":[{"href":"https:\/\/www.paranapraia.com.br\/index.php\/wp-json\/wp\/v2\/posts"}],"about":[{"href":"https:\/\/www.paranapraia.com.br\/index.php\/wp-json\/wp\/v2\/types\/post"}],"author":[{"embeddable":true,"href":"https:\/\/www.paranapraia.com.br\/index.php\/wp-json\/wp\/v2\/users\/2"}],"replies":[{"embeddable":true,"href":"https:\/\/www.paranapraia.com.br\/index.php\/wp-json\/wp\/v2\/comments?post=57870"}],"version-history":[{"count":1,"href":"https:\/\/www.paranapraia.com.br\/index.php\/wp-json\/wp\/v2\/posts\/57870\/revisions"}],"predecessor-version":[{"id":57872,"href":"https:\/\/www.paranapraia.com.br\/index.php\/wp-json\/wp\/v2\/posts\/57870\/revisions\/57872"}],"wp:featuredmedia":[{"embeddable":true,"href":"https:\/\/www.paranapraia.com.br\/index.php\/wp-json\/wp\/v2\/media\/57871"}],"wp:attachment":[{"href":"https:\/\/www.paranapraia.com.br\/index.php\/wp-json\/wp\/v2\/media?parent=57870"}],"wp:term":[{"taxonomy":"category","embeddable":true,"href":"https:\/\/www.paranapraia.com.br\/index.php\/wp-json\/wp\/v2\/categories?post=57870"},{"taxonomy":"post_tag","embeddable":true,"href":"https:\/\/www.paranapraia.com.br\/index.php\/wp-json\/wp\/v2\/tags?post=57870"}],"curies":[{"name":"wp","href":"https:\/\/api.w.org\/{rel}","templated":true}]}}