{"id":57867,"date":"2024-02-08T12:51:40","date_gmt":"2024-02-08T15:51:40","guid":{"rendered":"https:\/\/www.paranapraia.com.br\/?p=57867"},"modified":"2024-02-08T12:51:43","modified_gmt":"2024-02-08T15:51:43","slug":"a-pedido-das-prefeituras-sanepar-mantera-servico-de-limpeza-das-praias-ate-o-dia-28","status":"publish","type":"post","link":"https:\/\/www.paranapraia.com.br\/index.php\/2024\/02\/08\/a-pedido-das-prefeituras-sanepar-mantera-servico-de-limpeza-das-praias-ate-o-dia-28\/","title":{"rendered":"A pedido das prefeituras, Sanepar manter\u00e1 servi\u00e7o de limpeza das praias at\u00e9 o dia 28"},"content":{"rendered":"\n<p>A Sanepar estender\u00e1 o servi\u00e7o de limpeza das praias at\u00e9 28 de fevereiro, em vez de encerrar a a\u00e7\u00e3o na ter\u00e7a-feira de Carnaval (13), como estava previsto. A decis\u00e3o atende um pedido das prefeituras de Matinhos, Guaratuba e Pontal do Paran\u00e1, onde a coleta de res\u00edduos nas areias \u00e9 feita diariamente desde 16 de dezembro.<\/p>\n\n\n\n<p>A Sanepar tamb\u00e9m manter\u00e1 as ilhas de hidrata\u00e7\u00e3o nas arenas de shows de Matinhos em Pontal do Paran\u00e1. Em cada arena, s\u00e3o tr\u00eas ilhas e 18 torneiras que abastecem com \u00e1gua pot\u00e1vel o p\u00fablico durante os eventos.<\/p>\n\n\n\n<p>O secret\u00e1rio do Meio Ambiente de Matinhos, Sergio Cioli, explica que a solicita\u00e7\u00e3o foi feita porque, mesmo com o encerramento de boa parte das atividades do Ver\u00e3o Maior Paran\u00e1, o fluxo de turistas ainda ser\u00e1 grande. Nos \u00faltimos fins de semana de fevereiro, est\u00e3o programados shows musicais, promovidos pelo Governo do Estado. O fato de o feriado de Carnaval ser no meio do m\u00eas tamb\u00e9m contribui com o movimento nas cidades litor\u00e2neas por mais tempo.<\/p>\n\n\n\n<p>\u201cEsse apoio da Sanepar \u00e9 muito importante para n\u00f3s. Conversei com os secret\u00e1rios dos outros munic\u00edpios e todos concordamos que \u00e9 necess\u00e1ria a extens\u00e3o do servi\u00e7o para manter as nossas praias limpas e oferecer mais conforto aos visitantes\u201d, afirma.<\/p>\n\n\n\n<p><strong>COLETAS<\/strong>&nbsp;\u2013 At\u00e9 o \u00faltimo domingo (10), foram coletadas 255 toneladas de res\u00edduos nas praias. Do total, 189 toneladas s\u00e3o material org\u00e2nico, e 65 de lixo recicl\u00e1vel.&nbsp;Os res\u00edduos s\u00e3o separados nas areias pelas equipes da limpeza. O material recicl\u00e1vel \u00e9 destinado para as associa\u00e7\u00f5es de coletores dos munic\u00edpios, gerando renda para essas institui\u00e7\u00f5es. E o que \u00e9 org\u00e2nico \u00e9 encaminhado pelas prefeituras para aterros.<\/p>\n\n\n\n<p>Neste ano, a Sanepar contratou 143 pessoas para o servi\u00e7o da limpeza das praias. O servi\u00e7o \u00e9 feito todos os dias, inclusive s\u00e1bados, domingos e feriados, da 8h30 \u00e0s 11h50 e das 14h \u00e0s 17h30. A extens\u00e3o di\u00e1ria \u00e9 de 48 quil\u00f4metros de praia.<\/p>\n\n\n\n<p><strong>VER\u00c3O MAIOR PARAN\u00c1\u00a0<\/strong>\u2013 O Ver\u00e3o Maior Paran\u00e1 reuniu uma s\u00e9rie de a\u00e7\u00f5es voltadas aos veranistas e moradores dos munic\u00edpios do Litoral, al\u00e9m de Porto Rico e S\u00e3o Pedro do Paran\u00e1, no Noroeste. Foram ofertadas atividades esportivas e de lazer que inclu\u00edram aulas de gin\u00e1stica, dan\u00e7a, caminhadas, recrea\u00e7\u00e3o infantil, shows, torneios e competi\u00e7\u00f5es nacionais e internacionais, programa\u00e7\u00e3o inclusiva e educa\u00e7\u00e3o ambiental. Al\u00e9m do refor\u00e7o na seguran\u00e7a, a agenda continua at\u00e9 o final de fevereiro com shows de grandes sucessos nacionais em Matinhos e Pontal do Paran\u00e1. Veja a programa\u00e7\u00e3o no site\u00a0<strong><a href=\"https:\/\/www.verao.pr.gov.br\/\" target=\"_blank\" rel=\"noreferrer noopener\">www.verao.pr.gov.br<\/a><\/strong>.<\/p>\n\n\n\n<p>AEN<\/p>\n","protected":false},"excerpt":{"rendered":"<p>A Sanepar estender\u00e1 o servi\u00e7o de limpeza das praias at\u00e9 28 de fevereiro, em vez de encerrar a a\u00e7\u00e3o na ter\u00e7a-feira de Carnaval (13), como estava previsto. A decis\u00e3o atende um pedido das prefeituras de Matinhos, Guaratuba e Pontal do Paran\u00e1, onde a coleta de res\u00edduos nas areias \u00e9 feita diariamente desde 16 de dezembro. [&hellip;]<\/p>\n","protected":false},"author":2,"featured_media":57868,"comment_status":"open","ping_status":"open","sticky":false,"template":"","format":"standard","meta":{"advanced_seo_description":"","jetpack_seo_html_title":"","jetpack_seo_noindex":false,"_jetpack_memberships_contains_paid_content":false,"footnotes":""},"categories":[40],"tags":[316,487,315],"class_list":{"0":"post-57867","1":"post","2":"type-post","3":"status-publish","4":"format-standard","5":"has-post-thumbnail","7":"category-destaques","8":"tag-litoral","9":"tag-parana-2","10":"tag-sanepar"},"jetpack_featured_media_url":"https:\/\/www.paranapraia.com.br\/wp-content\/uploads\/2024\/02\/230131_litoral_limpeza_praia_91-scaled.jpg","jetpack_sharing_enabled":true,"_links":{"self":[{"href":"https:\/\/www.paranapraia.com.br\/index.php\/wp-json\/wp\/v2\/posts\/57867"}],"collection":[{"href":"https:\/\/www.paranapraia.com.br\/index.php\/wp-json\/wp\/v2\/posts"}],"about":[{"href":"https:\/\/www.paranapraia.com.br\/index.php\/wp-json\/wp\/v2\/types\/post"}],"author":[{"embeddable":true,"href":"https:\/\/www.paranapraia.com.br\/index.php\/wp-json\/wp\/v2\/users\/2"}],"replies":[{"embeddable":true,"href":"https:\/\/www.paranapraia.com.br\/index.php\/wp-json\/wp\/v2\/comments?post=57867"}],"version-history":[{"count":1,"href":"https:\/\/www.paranapraia.com.br\/index.php\/wp-json\/wp\/v2\/posts\/57867\/revisions"}],"predecessor-version":[{"id":57869,"href":"https:\/\/www.paranapraia.com.br\/index.php\/wp-json\/wp\/v2\/posts\/57867\/revisions\/57869"}],"wp:featuredmedia":[{"embeddable":true,"href":"https:\/\/www.paranapraia.com.br\/index.php\/wp-json\/wp\/v2\/media\/57868"}],"wp:attachment":[{"href":"https:\/\/www.paranapraia.com.br\/index.php\/wp-json\/wp\/v2\/media?parent=57867"}],"wp:term":[{"taxonomy":"category","embeddable":true,"href":"https:\/\/www.paranapraia.com.br\/index.php\/wp-json\/wp\/v2\/categories?post=57867"},{"taxonomy":"post_tag","embeddable":true,"href":"https:\/\/www.paranapraia.com.br\/index.php\/wp-json\/wp\/v2\/tags?post=57867"}],"curies":[{"name":"wp","href":"https:\/\/api.w.org\/{rel}","templated":true}]}}